{"id":3208,"date":"2023-09-28T00:45:12","date_gmt":"2023-09-28T00:45:12","guid":{"rendered":"https:\/\/www.sorumatix.com\/blog\/?p=3208"},"modified":"2023-09-28T00:45:12","modified_gmt":"2023-09-28T00:45:12","slug":"ayt-edebiyat-cumhuriyet-donemi-konu-anlatimi","status":"publish","type":"post","link":"https:\/\/www.sorumatix.com\/blog\/ayt-edebiyat-cumhuriyet-donemi-konu-anlatimi.html","title":{"rendered":"AYT &#8211; Edebiyat &#8211; Cumhuriyet D\u00f6nemi Konu Anlat\u0131m\u0131"},"content":{"rendered":"<p><center><iframe loading=\"lazy\" width=\"560\" height=\"315\" src=\"https:\/\/www.youtube.com\/embed\/W2a8umQwI1M\" title=\"YouTube video player\" frameborder=\"0\" allow=\"accelerometer; autoplay; clipboard-write; encrypted-media; gyroscope; picture-in-picture; web-share\" allowfullscreen><\/iframe><\/center><html><head><\/head><body><\/p>\n<p>Cumhuriyet D\u00f6nemi Edebiyat\u0131: Ke\u015ffet, \u00d6\u011fren, Ba\u015far!<\/p>\n<p>Merhaba gen\u00e7ler! Bug\u00fcn sizlere, AYT &#8211; Edebiyat s\u0131nav\u0131nda kar\u015f\u0131n\u0131za \u00e7\u0131kabilecek \u00f6nemli bir konudan bahsedece\u011fim: Cumhuriyet D\u00f6nemi Edebiyat\u0131. Bu d\u00f6nem, T\u00fcrk edebiyat\u0131n\u0131n en canl\u0131 ve heyecan verici zamanlar\u0131ndan biri olarak kabul edilir. Haz\u0131rsan\u0131z, birlikte bu muhte\u015fem yolculu\u011fa \u00e7\u0131kal\u0131m!<\/p>\n<p>1. Tanzimat&#8217;tan Cumhuriyet&#8217;e Do\u011fru<\/p>\n<p><center><img decoding=\"async\" src=\"https:\/\/www.sorumatix.com\/blog\/wp-content\/uploads\/2023\/09\/uploaded-image-ayt-edebiyat-cumhuriyet-donemi-konu-anlatimi-1694517363598.jpg\" title=\"AYT - Edebiyat - Cumhuriyet D\u00f6nemi Konu Anlat\u0131m\u0131 \" alt=\"AYT - Edebiyat - Cumhuriyet D\u00f6nemi Konu Anlat\u0131m\u0131 \"><\/center><\/p>\n<p>Cumhuriyet D\u00f6nemi Edebiyat\u0131, 1923 y\u0131l\u0131nda kurulan T\u00fcrkiye Cumhuriyeti&#8217;nin de\u011ferlerini ve ideallerini yans\u0131tan edebi eserlerle kendini g\u00f6sterir. Bu d\u00f6nemde, bat\u0131l\u0131la\u015fma hareketleriyle birlikte T\u00fcrk edebiyat\u0131 da \u00f6nemli de\u011fi\u015fimler ge\u00e7irdi.<\/p>\n<p>2. Ayd\u0131nlanma ve Yenilik\u00e7ilik R\u00fczgarlar\u0131<\/p>\n<p>Cumhuriyet D\u00f6nemi Edebiyat\u0131, ayd\u0131nlanma ve yenilik\u00e7ilik temalar\u0131yla bezenir. Sanat\u00e7\u0131lar, \u00e7a\u011fda\u015f Bat\u0131 edebiyat\u0131ndan etkilenerek milli k\u00fclt\u00fcrle sentezlemeler yapm\u0131\u015flard\u0131r. Bu d\u00f6nemde roman, hikaye, tiyatro ve \u015fiir gibi farkl\u0131 t\u00fcrlerde bir\u00e7ok \u00f6zg\u00fcn eser ortaya \u00e7\u0131km\u0131\u015ft\u0131r.<\/p>\n<p>3. \u0130dealist Yazarlar ve Eserleri<\/p>\n<p>Cumhuriyet D\u00f6nemi edebiyat\u0131n\u0131n en \u00f6nemli temsilcilerinden biri, Orhan Kemal&#8217;dir. Sosyal sorunlar\u0131 ele alan Ekmek Kavgas\u0131 gibi eserleriyle ad\u0131ndan s\u00f6z ettirmi\u015ftir. Ayr\u0131ca, Yakup Kadri Karaosmano\u011flu&#8217;nun Yaban roman\u0131 da bu d\u00f6nemin \u00f6nemli yap\u0131tlar\u0131ndan biridir.<\/p>\n<p>4. Atat\u00fcrk&#8217;\u00fcn Edebiyat Politikas\u0131<\/p>\n<p>T\u00fcrkiye Cumhuriyeti&#8217;nin kurucusu, B\u00fcy\u00fck \u00d6nder Mustafa Kemal Atat\u00fcrk, edebiyata b\u00fcy\u00fck \u00f6nem vermi\u015ftir. Kendisi, milli edebiyat\u0131n geli\u015fmesi i\u00e7in \u00e7aba g\u00f6stermi\u015f ve T\u00fcrk\u00e7e&#8217;nin do\u011fru kullan\u0131m\u0131 konusunda hassasiyet g\u00f6stermi\u015ftir.<\/p>\n<p>5. \u015eiirde Ustalar\u0131n D\u00f6nemi<\/p>\n<p>Cumhuriyet D\u00f6nemi Edebiyat\u0131&#8217;nda \u015fiir de \u00f6nemli bir yere sahiptir. Ahmet Ha\u015fim, Yahya Kemal Beyatl\u0131, Necip Faz\u0131l K\u0131sak\u00fcrek gibi b\u00fcy\u00fck \u015fairler, bu d\u00f6neme damgas\u0131n\u0131 vurmu\u015flard\u0131r. Onlar\u0131n \u015fiirlerinde milli duygular, a\u015fk, tabiat ve insanl\u0131k temalar\u0131 i\u015flenir.<\/p>\n<p>6. De\u011fi\u015fimin \u0130zleri: Roman ve Hikaye<\/p>\n<p>Cumhuriyet D\u00f6nemi&#8217;nde roman ve hikaye t\u00fcrleri de b\u00fcy\u00fck ilgi g\u00f6rm\u00fc\u015ft\u00fcr. Halide Edip Ad\u0131var&#8217;\u0131n Sinekli Bakkal roman\u0131, toplumsal sorunlara dikkat \u00e7eken \u00f6nemli bir eserdir. Ayr\u0131ca, Sait Faik Abas\u0131yan\u0131k&#8217;\u0131n \u00f6yk\u00fcleri de bu d\u00f6nemin unutulmaz yap\u0131tlar\u0131 aras\u0131nda yer al\u0131r.<\/p>\n<p>Gen\u00e7ler, Cumhuriyet D\u00f6nemi Edebiyat\u0131&#8217;n\u0131 daha yak\u0131ndan tan\u0131mak i\u00e7in kitaplardan ve kaynaklardan faydalanabilirsiniz. Bu konu, AYT &#8211; Edebiyat s\u0131nav\u0131nda \u00f6nemli bir yer tuttu\u011fu i\u00e7in iyi bir haz\u0131rl\u0131k yapman\u0131zda fayda var. Unutmay\u0131n, edebiyat bize ge\u00e7mi\u015fteki d\u00fc\u015f\u00fcnceleri ve duygular\u0131 anlatan bir ayna sunar.<\/p>\n<p>Bu yolculukta sizlere yard\u0131mc\u0131 olmak benim en b\u00fcy\u00fck mutlulu\u011fum. Ba\u015far\u0131lar\u0131n\u0131za inan\u0131yorum ve sizinle gurur duyuyorum<\/p>\n<p><\/body><\/html><\/p>\n","protected":false},"excerpt":{"rendered":"<p>Cumhuriyet D\u00f6nemi Edebiyat\u0131: Ke\u015ffet, \u00d6\u011fren, Ba\u015far! Merhaba gen\u00e7ler! Bug\u00fcn sizlere, AYT &#8211; Edebiyat s\u0131nav\u0131nda kar\u015f\u0131n\u0131za \u00e7\u0131kabilecek \u00f6nemli bir konudan bahsedece\u011fim:<\/p>\n","protected":false},"author":1,"featured_media":3207,"comment_status":"open","ping_status":"open","sticky":false,"template":"","format":"standard","meta":{"colormag_page_container_layout":"default_layout","colormag_page_sidebar_layout":"default_layout","footnotes":""},"categories":[11],"tags":[],"class_list":["post-3208","post","type-post","status-publish","format-standard","has-post-thumbnail","hentry","category-dil-bilimleri"],"_links":{"self":[{"href":"https:\/\/www.sorumatix.com\/blog\/wp-json\/wp\/v2\/posts\/3208","targetHints":{"allow":["GET"]}}],"collection":[{"href":"https:\/\/www.sorumatix.com\/blog\/wp-json\/wp\/v2\/posts"}],"about":[{"href":"https:\/\/www.sorumatix.com\/blog\/wp-json\/wp\/v2\/types\/post"}],"author":[{"embeddable":true,"href":"https:\/\/www.sorumatix.com\/blog\/wp-json\/wp\/v2\/users\/1"}],"replies":[{"embeddable":true,"href":"https:\/\/www.sorumatix.com\/blog\/wp-json\/wp\/v2\/comments?post=3208"}],"version-history":[{"count":0,"href":"https:\/\/www.sorumatix.com\/blog\/wp-json\/wp\/v2\/posts\/3208\/revisions"}],"wp:featuredmedia":[{"embeddable":true,"href":"https:\/\/www.sorumatix.com\/blog\/wp-json\/wp\/v2\/media\/3207"}],"wp:attachment":[{"href":"https:\/\/www.sorumatix.com\/blog\/wp-json\/wp\/v2\/media?parent=3208"}],"wp:term":[{"taxonomy":"category","embeddable":true,"href":"https:\/\/www.sorumatix.com\/blog\/wp-json\/wp\/v2\/categories?post=3208"},{"taxonomy":"post_tag","embeddable":true,"href":"https:\/\/www.sorumatix.com\/blog\/wp-json\/wp\/v2\/tags?post=3208"}],"curies":[{"name":"wp","href":"https:\/\/api.w.org\/{rel}","templated":true}]}}