{"id":3252,"date":"2023-10-28T05:57:41","date_gmt":"2023-10-28T05:57:41","guid":{"rendered":"https:\/\/www.sorumatix.com\/blog\/?p=3252"},"modified":"2023-10-28T05:57:41","modified_gmt":"2023-10-28T05:57:41","slug":"ayt-felsefe-varlik-felsefesi-konu-anlatimi","status":"publish","type":"post","link":"https:\/\/www.sorumatix.com\/blog\/ayt-felsefe-varlik-felsefesi-konu-anlatimi.html","title":{"rendered":"AYT &#8211; Felsefe &#8211; Varl\u0131k Felsefesi Konu Anlat\u0131m\u0131"},"content":{"rendered":"<p><center><iframe loading=\"lazy\" width=\"560\" height=\"315\" src=\"https:\/\/www.youtube.com\/embed\/lA10cIQn-Z0\" title=\"YouTube video player\" frameborder=\"0\" allow=\"accelerometer; autoplay; clipboard-write; encrypted-media; gyroscope; picture-in-picture; web-share\" allowfullscreen><\/iframe><\/center><html><head><\/head><body><\/p>\n<p>Varl\u0131k Felsefesi: D\u00fc\u015f\u00fcnce D\u00fcnyas\u0131na Yolculuk<\/p>\n<p>Merhaba gen\u00e7ler! Bug\u00fcn sizlere AYT &#8211; Felsefe s\u0131nav\u0131nda kar\u015f\u0131n\u0131za \u00e7\u0131kabilecek Varl\u0131k Felsefesi konusunu anlatmak istiyorum. Umar\u0131m bu yaz\u0131y\u0131 okurken hem e\u011flenir, hem de konuyu anlamak i\u00e7in yeni bir pencere a\u00e7ars\u0131n\u0131z.<\/p>\n<p>1. Varl\u0131k Nedir?<\/p>\n<p>Varl\u0131k Felsefesi ile do\u011frudan ilgili olan ilk soru, Varl\u0131k nedir? Bu sorunun kolay bir cevab\u0131 yoktur \u00e7\u00fcnk\u00fc varl\u0131k olduk\u00e7a karma\u015f\u0131k bir kavramd\u0131r. Ancak basit\u00e7e s\u00f6ylemek gerekirse, varl\u0131k her \u015feyin temelinde yatan ve onu var k\u0131lan \u015feydir. Bir sandalye, bir bitki veya insan d\u00fc\u015f\u00fcnceleri gibi her \u015fey birer varl\u0131kt\u0131r.<\/p>\n<p><center><img decoding=\"async\" src=\"https:\/\/www.sorumatix.com\/blog\/wp-content\/uploads\/2023\/09\/uploaded-image-ayt-felsefe-varlik-felsefesi-konu-anlatimi-1694517511700.jpg\" title=\"AYT - Felsefe - Varl\u0131k Felsefesi Konu Anlat\u0131m\u0131 \" alt=\"AYT - Felsefe - Varl\u0131k Felsefesi Konu Anlat\u0131m\u0131 \"><\/center><\/p>\n<p>2. Varl\u0131klar\u0131n T\u00fcrleri<\/p>\n<p>Varl\u0131klar\u0131n farkl\u0131 t\u00fcrleri vard\u0131r. Madde ve zihin varl\u0131klar\u0131 olmak \u00fczere iki temel kategoriye ayr\u0131l\u0131rlar. Madde varl\u0131klar\u0131 somut nesnelerdir, \u00f6rne\u011fin bir masa veya bir araba. Zihin varl\u0131klar\u0131 ise d\u00fc\u015f\u00fcnceler, duygular veya bilincimiz gibi soyut kavramlard\u0131r.<\/p>\n<p>3. Varl\u0131\u011f\u0131n \u00d6zellikleri<\/p>\n<p>Varl\u0131k Felsefesi ayn\u0131 zamanda varl\u0131\u011f\u0131n \u00f6zellikleriyle de ilgilenir. Varl\u0131klar\u0131n baz\u0131 ortak \u00f6zellikleri vard\u0131r. \u00d6rne\u011fin, bir varl\u0131k mekanda ve zamanda bulunur. Ayr\u0131ca, varl\u0131klar\u0131n baz\u0131 nitelikleri de\u011fi\u015febilir, \u00f6rne\u011fin bir \u00e7i\u00e7ek b\u00fcy\u00fcyebilir veya solabilir.<\/p>\n<p>4. Varolu\u015fsal \u0130li\u015fkiler<\/p>\n<p>Varl\u0131k Felsefesi ayn\u0131 zamanda varolu\u015fsal ili\u015fkileri de ara\u015ft\u0131r\u0131r. Bir varl\u0131k ba\u015fka bir varl\u0131kla nas\u0131l ili\u015fkilidir? \u00d6rne\u011fin, bir elma bir a\u011fa\u00e7tan d\u00fc\u015fer ve yerde yatar. Bu durumda elma, a\u011fa\u00e7la bir ili\u015fki i\u00e7indedir.<\/p>\n<p>5. Varl\u0131k Felsefesi&#8217;nin \u00d6nemi<\/p>\n<p>Varl\u0131k Felsefesi size d\u00fcnyay\u0131 daha derinlemesine anlama imkan\u0131 sunar. Kendinizi, ba\u015fkalar\u0131n\u0131 ve \u00e7evrenizdeki her \u015feyi daha iyi anlamak i\u00e7in varl\u0131k felsefesini kullanabilirsiniz. Ayr\u0131ca, di\u011fer felsefi konular \u00fczerinde de daha sa\u011flam bir temel olu\u015fturman\u0131z\u0131 sa\u011flar.<\/p>\n<p>Unutmay\u0131n, Varl\u0131k Felsefesi sadece kuru bir konu de\u011fildir. Bilakis, hayat\u0131n kendisiyle ilgilidir. Hayatta kar\u015f\u0131la\u015ft\u0131\u011f\u0131n\u0131z sorunlar\u0131 ve d\u00fc\u015f\u00fcncelerinizi daha iyi anlamak i\u00e7in bu konuya zaman ay\u0131rman\u0131z \u00f6nemlidir.<\/p>\n<p>Umar\u0131m bu k\u0131sa giri\u015f, AYT &#8211; Felsefe s\u0131nav\u0131nda kar\u015f\u0131n\u0131za \u00e7\u0131kacak Varl\u0131k Felsefesi konusunu anlaman\u0131za yard\u0131mc\u0131 olmu\u015ftur. Daha fazla bilgi edinmek i\u00e7in kaynak kitaplara ve online platformlara ba\u015fvurabilirsiniz.<\/p>\n<p>Ba\u015far\u0131lar dilerim!<\/p>\n<p><\/body><\/html><\/p>\n","protected":false},"excerpt":{"rendered":"<p>Varl\u0131k Felsefesi: D\u00fc\u015f\u00fcnce D\u00fcnyas\u0131na Yolculuk Merhaba gen\u00e7ler! Bug\u00fcn sizlere AYT &#8211; Felsefe s\u0131nav\u0131nda kar\u015f\u0131n\u0131za \u00e7\u0131kabilecek Varl\u0131k Felsefesi konusunu anlatmak istiyorum.<\/p>\n","protected":false},"author":1,"featured_media":3246,"comment_status":"open","ping_status":"open","sticky":false,"template":"","format":"standard","meta":{"colormag_page_container_layout":"default_layout","colormag_page_sidebar_layout":"default_layout","footnotes":""},"categories":[15],"tags":[],"class_list":["post-3252","post","type-post","status-publish","format-standard","has-post-thumbnail","hentry","category-sosyal-bilimler-dersleri"],"_links":{"self":[{"href":"https:\/\/www.sorumatix.com\/blog\/wp-json\/wp\/v2\/posts\/3252","targetHints":{"allow":["GET"]}}],"collection":[{"href":"https:\/\/www.sorumatix.com\/blog\/wp-json\/wp\/v2\/posts"}],"about":[{"href":"https:\/\/www.sorumatix.com\/blog\/wp-json\/wp\/v2\/types\/post"}],"author":[{"embeddable":true,"href":"https:\/\/www.sorumatix.com\/blog\/wp-json\/wp\/v2\/users\/1"}],"replies":[{"embeddable":true,"href":"https:\/\/www.sorumatix.com\/blog\/wp-json\/wp\/v2\/comments?post=3252"}],"version-history":[{"count":0,"href":"https:\/\/www.sorumatix.com\/blog\/wp-json\/wp\/v2\/posts\/3252\/revisions"}],"wp:featuredmedia":[{"embeddable":true,"href":"https:\/\/www.sorumatix.com\/blog\/wp-json\/wp\/v2\/media\/3246"}],"wp:attachment":[{"href":"https:\/\/www.sorumatix.com\/blog\/wp-json\/wp\/v2\/media?parent=3252"}],"wp:term":[{"taxonomy":"category","embeddable":true,"href":"https:\/\/www.sorumatix.com\/blog\/wp-json\/wp\/v2\/categories?post=3252"},{"taxonomy":"post_tag","embeddable":true,"href":"https:\/\/www.sorumatix.com\/blog\/wp-json\/wp\/v2\/tags?post=3252"}],"curies":[{"name":"wp","href":"https:\/\/api.w.org\/{rel}","templated":true}]}}