{"id":3261,"date":"2023-10-15T04:37:41","date_gmt":"2023-10-15T04:37:41","guid":{"rendered":"https:\/\/www.sorumatix.com\/blog\/?p=3261"},"modified":"2023-10-15T04:37:41","modified_gmt":"2023-10-15T04:37:41","slug":"ayt-cografya-turkiyede-tarim-ve-hayvancilik-konu-anlatimi","status":"publish","type":"post","link":"https:\/\/www.sorumatix.com\/blog\/ayt-cografya-turkiyede-tarim-ve-hayvancilik-konu-anlatimi.html","title":{"rendered":"AYT &#8211; Co\u011frafya &#8211; T\u00fcrkiye\u2019de Tar\u0131m ve Hayvanc\u0131l\u0131k Konu Anlat\u0131m\u0131"},"content":{"rendered":"<p><center><iframe loading=\"lazy\" width=\"560\" height=\"315\" src=\"https:\/\/www.youtube.com\/embed\/s3JXvFsY4bI\" title=\"YouTube video player\" frameborder=\"0\" allow=\"accelerometer; autoplay; clipboard-write; encrypted-media; gyroscope; picture-in-picture; web-share\" allowfullscreen><\/iframe><\/center><html><head><\/head><body><\/p>\n<p>T\u00fcrkiye&#8217;de Tar\u0131m ve Hayvanc\u0131l\u0131k: Bereketin \u0130zinde<\/p>\n<p>Merhaba gen\u00e7ler! Bu makalede, AYT &#8211; Co\u011frafya s\u0131nav\u0131nda kar\u015f\u0131n\u0131za \u00e7\u0131kabilecek \u00f6nemli bir konu olan T\u00fcrkiye&#8217;de Tar\u0131m ve Hayvanc\u0131l\u0131k hakk\u0131nda keyifli bir \u015fekilde konu\u015faca\u011f\u0131z. Haz\u0131rsan\u0131z ba\u015flayal\u0131m!<\/p>\n<p>1. T\u00fcrkiye&#8217;nin Tar\u0131m Potansiyeli<\/p>\n<p>Tar\u0131m, \u00fclkemiz i\u00e7in b\u00fcy\u00fck bir \u00f6neme sahiptir. Nitekim, T\u00fcrkiye tar\u0131m alan\u0131nda olduk\u00e7a zengin bir co\u011frafyaya sahiptir. Do\u011fal g\u00fczellikleri ve iklim \u00e7e\u015fitlili\u011fi sayesinde farkl\u0131 tar\u0131m \u00fcr\u00fcnlerinin yeti\u015ftirilmesine uygun bir ortam sunmaktad\u0131r.<\/p>\n<p>2. B\u00f6lgelere G\u00f6re Tar\u0131m \u00dcretimi<\/p>\n<p>T\u00fcrkiye&#8217;nin farkl\u0131 b\u00f6lgelerinde tar\u0131m \u00fcretimi de\u011fi\u015fkenlik g\u00f6stermektedir. Marmara ve Ege b\u00f6lgelerinde genellikle meyve, sebze ve zeytin yeti\u015ftiricili\u011fi \u00f6n plana \u00e7\u0131kar. Karadeniz b\u00f6lgesi ise \u00e7ay ve f\u0131nd\u0131k \u00fcretiminde \u00f6ne \u00e7\u0131kar. \u0130\u00e7 Anadolu b\u00f6lgesinde ise tah\u0131l \u00fcretimi yo\u011fundur. G\u00fcneydo\u011fu Anadolu b\u00f6lgesi pamuk, t\u00fct\u00fcn ve f\u0131st\u0131k \u00fcretiminin yap\u0131ld\u0131\u011f\u0131 bir b\u00f6lgedir.<\/p>\n<p>3. Hayvanc\u0131l\u0131k Faaliyetleri<\/p>\n<p><center><img decoding=\"async\" src=\"https:\/\/www.sorumatix.com\/blog\/wp-content\/uploads\/2023\/09\/uploaded-image-ayt-cografya-turkiyede-tarim-ve-hayvancilik-konu-anlatimi-1694517513788.jpg\" title=\"AYT - Co\u011frafya - T\u00fcrkiye\u2019de Tar\u0131m ve Hayvanc\u0131l\u0131k Konu Anlat\u0131m\u0131 \" alt=\"AYT - Co\u011frafya - T\u00fcrkiye\u2019de Tar\u0131m ve Hayvanc\u0131l\u0131k Konu Anlat\u0131m\u0131 \"><\/center><\/p>\n<p>T\u00fcrkiye&#8217;de hayvanc\u0131l\u0131k da \u00f6nemli bir sekt\u00f6rd\u00fcr. \u00dclkemizde genellikle k\u00fc\u00e7\u00fckba\u015f ve b\u00fcy\u00fckba\u015f hayvanc\u0131l\u0131k yap\u0131lmaktad\u0131r. Trakya, Marmara ve Ege b\u00f6lgeleri s\u0131\u011f\u0131r yeti\u015ftiricili\u011fi a\u00e7\u0131s\u0131ndan \u00f6ne \u00e7\u0131kar. G\u00fcneydo\u011fu Anadolu b\u00f6lgesi ise koyun ve ke\u00e7i yeti\u015ftiricili\u011fiyle tan\u0131n\u0131r.<\/p>\n<p>4. Tar\u0131m ve Hayvanc\u0131l\u0131k Destekleri<\/p>\n<p>T\u00fcrkiye&#8217;de tar\u0131m ve hayvanc\u0131l\u0131k faaliyetlerini desteklemek amac\u0131yla \u00e7e\u015fitli te\u015fvikler ve destek programlar\u0131 uygulanmaktad\u0131r. \u00c7ift\u00e7ilerimize sa\u011flanan bu destekler, tar\u0131m ve hayvanc\u0131l\u0131k sekt\u00f6r\u00fcn\u00fcn geli\u015fimine katk\u0131da bulunur.<\/p>\n<p>5. Tar\u0131m\u0131n Gelece\u011fi ve S\u00fcrd\u00fcr\u00fclebilirlik<\/p>\n<p>Gelecekte tar\u0131m sekt\u00f6r\u00fcn\u00fcn s\u00fcrd\u00fcr\u00fclebilir olmas\u0131 b\u00fcy\u00fck \u00f6nem ta\u015f\u0131maktad\u0131r. \u0130klim de\u011fi\u015fiklikleri, su kaynaklar\u0131n\u0131n azalmas\u0131 gibi fakt\u00f6rler tar\u0131m\u0131 etkileyebilir. Bu nedenle \u00e7ift\u00e7ilerimizin modern tar\u0131m tekniklerini kullanarak verimliliklerini art\u0131rmalar\u0131 ve do\u011fal kaynaklar\u0131 korumalar\u0131 gerekmektedir.<\/p>\n<p>Sonu\u00e7 olarak, T\u00fcrkiye&#8217;deki tar\u0131m ve hayvanc\u0131l\u0131k sekt\u00f6r\u00fc \u00fclkemizin ekonomik ve sosyal yap\u0131s\u0131nda \u00f6nemli bir yere sahiptir. Siz de gelece\u011fin \u00e7ift\u00e7ileri olarak tar\u0131m ve hayvanc\u0131l\u0131k alan\u0131nda \u00e7al\u0131\u015farak \u00fclkemize katk\u0131da bulunabilirsiniz.<\/p>\n<p>Unutmay\u0131n, tar\u0131m ve hayvanc\u0131l\u0131kla ilgili konulara derinlemesine vak\u0131f olmak size s\u0131navlarda da avantaj sa\u011flayacakt\u0131r. Ba\u015far\u0131lar dilerim!<\/p>\n<p>**Not**: Bu makaledeki say\u0131sal bilgilere \u00f6rnek verilmesi amac\u0131yla belirli b\u00f6lgeler ve \u00fcr\u00fcnler kullan\u0131lm\u0131\u015ft\u0131r. T\u00fcrkiye&#8217;nin tar\u0131m ve hayvanc\u0131l\u0131k potansiyeli \u00e7ok daha geni\u015f bir \u00e7er\u00e7evede de\u011ferlendirilmelidir.<\/p>\n<p>(Kelime say\u0131s\u0131: 344)<\/p>\n<p><\/body><\/html><\/p>\n","protected":false},"excerpt":{"rendered":"<p>T\u00fcrkiye&#8217;de Tar\u0131m ve Hayvanc\u0131l\u0131k: Bereketin \u0130zinde Merhaba gen\u00e7ler! Bu makalede, AYT &#8211; Co\u011frafya s\u0131nav\u0131nda kar\u015f\u0131n\u0131za \u00e7\u0131kabilecek \u00f6nemli bir konu olan<\/p>\n","protected":false},"author":1,"featured_media":3259,"comment_status":"open","ping_status":"open","sticky":false,"template":"","format":"standard","meta":{"colormag_page_container_layout":"default_layout","colormag_page_sidebar_layout":"default_layout","footnotes":""},"categories":[15],"tags":[],"class_list":["post-3261","post","type-post","status-publish","format-standard","has-post-thumbnail","hentry","category-sosyal-bilimler-dersleri"],"_links":{"self":[{"href":"https:\/\/www.sorumatix.com\/blog\/wp-json\/wp\/v2\/posts\/3261","targetHints":{"allow":["GET"]}}],"collection":[{"href":"https:\/\/www.sorumatix.com\/blog\/wp-json\/wp\/v2\/posts"}],"about":[{"href":"https:\/\/www.sorumatix.com\/blog\/wp-json\/wp\/v2\/types\/post"}],"author":[{"embeddable":true,"href":"https:\/\/www.sorumatix.com\/blog\/wp-json\/wp\/v2\/users\/1"}],"replies":[{"embeddable":true,"href":"https:\/\/www.sorumatix.com\/blog\/wp-json\/wp\/v2\/comments?post=3261"}],"version-history":[{"count":0,"href":"https:\/\/www.sorumatix.com\/blog\/wp-json\/wp\/v2\/posts\/3261\/revisions"}],"wp:featuredmedia":[{"embeddable":true,"href":"https:\/\/www.sorumatix.com\/blog\/wp-json\/wp\/v2\/media\/3259"}],"wp:attachment":[{"href":"https:\/\/www.sorumatix.com\/blog\/wp-json\/wp\/v2\/media?parent=3261"}],"wp:term":[{"taxonomy":"category","embeddable":true,"href":"https:\/\/www.sorumatix.com\/blog\/wp-json\/wp\/v2\/categories?post=3261"},{"taxonomy":"post_tag","embeddable":true,"href":"https:\/\/www.sorumatix.com\/blog\/wp-json\/wp\/v2\/tags?post=3261"}],"curies":[{"name":"wp","href":"https:\/\/api.w.org\/{rel}","templated":true}]}}