{"id":3268,"date":"2023-09-21T16:37:41","date_gmt":"2023-09-21T16:37:41","guid":{"rendered":"https:\/\/www.sorumatix.com\/blog\/?p=3268"},"modified":"2023-09-21T16:37:41","modified_gmt":"2023-09-21T16:37:41","slug":"ayt-tarih-orta-cagda-avrupa-konu-anlatimi","status":"publish","type":"post","link":"https:\/\/www.sorumatix.com\/blog\/ayt-tarih-orta-cagda-avrupa-konu-anlatimi.html","title":{"rendered":"AYT &#8211; Tarih &#8211; Orta \u00c7a\u011f\u2019da Avrupa Konu Anlat\u0131m\u0131"},"content":{"rendered":"<p><center><iframe loading=\"lazy\" width=\"560\" height=\"315\" src=\"https:\/\/www.youtube.com\/embed\/_fppV_hRMOk\" title=\"YouTube video player\" frameborder=\"0\" allow=\"accelerometer; autoplay; clipboard-write; encrypted-media; gyroscope; picture-in-picture; web-share\" allowfullscreen><\/iframe><\/center><html><head><\/head><body><\/p>\n<p>Orta \u00c7a\u011f&#8217;da Avrupa: Tarih Dersinde G\u00f6r\u00fclen Zaman Makinesi<\/p>\n<p>Merhaba gen\u00e7ler! Bug\u00fcn size tarih dersinizde yolculuk yapman\u0131z i\u00e7in bir zaman makinesi sunuyoruz. Bu macerada Orta \u00c7a\u011f Avrupa&#8217;s\u0131n\u0131 ke\u015ffedip, sizi o d\u00f6neme g\u00f6t\u00fcrerek tarihin tozlu sayfalar\u0131nda dola\u015fman\u0131z\u0131 sa\u011flayaca\u011f\u0131z. Heyecanl\u0131 m\u0131s\u0131n\u0131z? O zaman ba\u015flayal\u0131m!<\/p>\n<p>1. Giri\u015f: Orta \u00c7a\u011f&#8217;\u0131n S\u0131rlar\u0131<\/p>\n<p>Orta \u00c7a\u011f, Avrupa&#8217;n\u0131n karanl\u0131k bir periyotta ya\u015fad\u0131\u011f\u0131 d\u00f6nemdir. 5. y\u00fczy\u0131ldan 15. y\u00fczy\u0131la kadar uzanan bu s\u00fcre\u00e7, \u00f6nemli de\u011fi\u015fimlere ve olaylara sahne olmu\u015ftur. \u0130\u015fte Orta \u00c7a\u011f&#8217;\u0131n hikayesi&#8230;<\/p>\n<p>2. \u00d6nce Biraz K\u00fclt\u00fcr: K\u00f6t\u00fcl\u00fcklerin Miyop Misali Yay\u0131lmas\u0131<\/p>\n<p><center><img decoding=\"async\" src=\"https:\/\/www.sorumatix.com\/blog\/wp-content\/uploads\/2023\/09\/uploaded-image-ayt-tarih-orta-cagda-avrupa-konu-anlatimi-1694517514230.jpg\" title=\"AYT - Tarih - Orta \u00c7a\u011f\u2019da Avrupa Konu Anlat\u0131m\u0131 \" alt=\"AYT - Tarih - Orta \u00c7a\u011f\u2019da Avrupa Konu Anlat\u0131m\u0131 \"><\/center><\/p>\n<p>Orta \u00c7a\u011f&#8217;da Avrupa&#8217;da ya\u015fayan insanlar, \u00e7o\u011funlukla tar\u0131ma dayal\u0131 toplumlar\u0131yla biliniyorlard\u0131. Kilise, hayat\u0131n merkeziydi ve inan\u00e7 sistemi g\u00fcnl\u00fck ya\u015fam\u0131n her alan\u0131n\u0131 etkiliyordu. Orta \u00c7a\u011f mimarisi ve sanat\u0131 da bu d\u00f6neme damgas\u0131n\u0131 vuran unsurlard\u0131r.<\/p>\n<p>3. \u015e\u00f6valyeler ve Taht Sava\u015flar\u0131: Orta\u00c7a\u011f&#8217;\u0131n Kahramanlar\u0131<\/p>\n<p>\u015e\u00f6valyeler, Orta \u00c7a\u011f&#8217;\u0131n en ilgin\u00e7 fig\u00fcrlerinden biridir. Onlar cesur sava\u015f\u00e7\u0131lard\u0131 ve kendilerine ba\u011fl\u0131 olan halka koruma sa\u011flarken, asilere kar\u015f\u0131 m\u00fccadele ederlerdi. Taht sava\u015flar\u0131 ise krallar\u0131n ve soylular\u0131n iktidar i\u00e7in m\u00fccadele etti\u011fi d\u00f6neme verilen add\u0131r.<\/p>\n<p>4. Ha\u00e7l\u0131 Seferleri: Tarihi Bir Misiyon<\/p>\n<p>Orta \u00c7a\u011f&#8217;da ger\u00e7ekle\u015fen ha\u00e7l\u0131 seferleri, Hristiyanl\u0131kla M\u00fcsl\u00fcman d\u00fcnyas\u0131 aras\u0131ndaki \u00e7at\u0131\u015fmalar\u0131 temsil eder. Ha\u00e7l\u0131 seferleri, dini, siyasi ve ekonomik nedenlerle ba\u015flat\u0131lm\u0131\u015ft\u0131r. Bu seferler, Bat\u0131&#8217;ya Do\u011fu k\u00fclt\u00fcr\u00fcn\u00fc tan\u0131tm\u0131\u015f ve ticaretin geli\u015fmesine katk\u0131da bulunmu\u015ftur.<\/p>\n<p>5. Salg\u0131n Hastal\u0131klar ve Korkun\u00e7 Kehanetler: Kara Veba&#8217;n\u0131n \u0130zleri<\/p>\n<p>Orta \u00c7a\u011f, Kara Veba salg\u0131n\u0131 ile de an\u0131l\u0131r. Bu \u00f6l\u00fcmc\u00fcl hastal\u0131k Avrupa&#8217;y\u0131 kas\u0131p kavurmu\u015f ve milyonlarca insan\u0131n ya\u015fam\u0131n\u0131 yitirmesine neden olmu\u015ftur. Yoksulluk, hijyen eksikli\u011fi ve bilgisizlik bu salg\u0131n\u0131n yay\u0131lmas\u0131nda b\u00fcy\u00fck rol oynam\u0131\u015ft\u0131r.<\/p>\n<p>6. Son S\u00f6zler: Orta \u00c7a\u011f&#8217;\u0131n G\u00f6lgesinde Ayd\u0131nlanma \u00c7a\u011f\u0131<\/p>\n<p>Orta \u00c7a\u011f, Avrupa&#8217;n\u0131n karanl\u0131k bir d\u00f6nemi olarak an\u0131lsa da, bu d\u00f6nemde bir\u00e7ok \u00f6nemli olay ve de\u011fi\u015fim ger\u00e7ekle\u015fmi\u015ftir. Orta \u00c7a\u011f&#8217;dan sonra gelen R\u00f6nesans ve Reformasyon hareketleri, Avrupa&#8217;da b\u00fcy\u00fck bir uygarl\u0131k s\u0131\u00e7ramas\u0131 yaratm\u0131\u015ft\u0131r.<\/p>\n<p>Sonu\u00e7<\/p>\n<p>Gen\u00e7ler, Orta \u00c7a\u011f&#8217;da Avrupa&#8217;ya yapt\u0131\u011f\u0131m\u0131z bu yolculukta, tarihin derinliklerine dal\u0131p ge\u00e7mi\u015ften dersler \u00e7\u0131kard\u0131k. Unutmay\u0131n, ge\u00e7mi\u015fi anlamak gelece\u011fi \u015fekillendirmenin anahtar\u0131d\u0131r. Tarih dersleri hepimize rehber olacakt\u0131r. \u015eimdi, bu zaman makinesini kapatal\u0131m ve gelece\u011fe do\u011fru yeni maceralara yelken a\u00e7al\u0131m!<\/p>\n<p><\/body><\/html><\/p>\n","protected":false},"excerpt":{"rendered":"<p>Orta \u00c7a\u011f&#8217;da Avrupa: Tarih Dersinde G\u00f6r\u00fclen Zaman Makinesi Merhaba gen\u00e7ler! Bug\u00fcn size tarih dersinizde yolculuk yapman\u0131z i\u00e7in bir zaman makinesi<\/p>\n","protected":false},"author":1,"featured_media":3262,"comment_status":"open","ping_status":"open","sticky":false,"template":"","format":"standard","meta":{"colormag_page_container_layout":"default_layout","colormag_page_sidebar_layout":"default_layout","footnotes":""},"categories":[15],"tags":[],"class_list":["post-3268","post","type-post","status-publish","format-standard","has-post-thumbnail","hentry","category-sosyal-bilimler-dersleri"],"_links":{"self":[{"href":"https:\/\/www.sorumatix.com\/blog\/wp-json\/wp\/v2\/posts\/3268","targetHints":{"allow":["GET"]}}],"collection":[{"href":"https:\/\/www.sorumatix.com\/blog\/wp-json\/wp\/v2\/posts"}],"about":[{"href":"https:\/\/www.sorumatix.com\/blog\/wp-json\/wp\/v2\/types\/post"}],"author":[{"embeddable":true,"href":"https:\/\/www.sorumatix.com\/blog\/wp-json\/wp\/v2\/users\/1"}],"replies":[{"embeddable":true,"href":"https:\/\/www.sorumatix.com\/blog\/wp-json\/wp\/v2\/comments?post=3268"}],"version-history":[{"count":0,"href":"https:\/\/www.sorumatix.com\/blog\/wp-json\/wp\/v2\/posts\/3268\/revisions"}],"wp:featuredmedia":[{"embeddable":true,"href":"https:\/\/www.sorumatix.com\/blog\/wp-json\/wp\/v2\/media\/3262"}],"wp:attachment":[{"href":"https:\/\/www.sorumatix.com\/blog\/wp-json\/wp\/v2\/media?parent=3268"}],"wp:term":[{"taxonomy":"category","embeddable":true,"href":"https:\/\/www.sorumatix.com\/blog\/wp-json\/wp\/v2\/categories?post=3268"},{"taxonomy":"post_tag","embeddable":true,"href":"https:\/\/www.sorumatix.com\/blog\/wp-json\/wp\/v2\/tags?post=3268"}],"curies":[{"name":"wp","href":"https:\/\/api.w.org\/{rel}","templated":true}]}}