{"id":3277,"date":"2023-09-26T21:57:41","date_gmt":"2023-09-26T21:57:41","guid":{"rendered":"https:\/\/www.sorumatix.com\/blog\/?p=3277"},"modified":"2023-09-26T21:57:41","modified_gmt":"2023-09-26T21:57:41","slug":"ayt-tarih-yeni-ve-yakin-cagda-avrupa-konu-anlatimi","status":"publish","type":"post","link":"https:\/\/www.sorumatix.com\/blog\/ayt-tarih-yeni-ve-yakin-cagda-avrupa-konu-anlatimi.html","title":{"rendered":"AYT &#8211; Tarih &#8211; Yeni ve Yak\u0131n \u00c7a\u011f\u2019da Avrupa Konu Anlat\u0131m\u0131"},"content":{"rendered":"<p><center><iframe loading=\"lazy\" width=\"560\" height=\"315\" src=\"https:\/\/www.youtube.com\/embed\/meno9FTJ96g\" title=\"YouTube video player\" frameborder=\"0\" allow=\"accelerometer; autoplay; clipboard-write; encrypted-media; gyroscope; picture-in-picture; web-share\" allowfullscreen><\/iframe><\/center><html><head><\/head><body><\/p>\n<p>AYT &#8211; Tarih &#8211; Yeni ve Yak\u0131n \u00c7a\u011f\u2019da Avrupa Konu Anlat\u0131m\u0131<\/p>\n<p>Merhaba gen\u00e7ler! Bug\u00fcn sizlere AYT Tarih dersinde s\u0131kl\u0131kla kar\u015f\u0131la\u015faca\u011f\u0131n\u0131z bir konudan bahsedece\u011fim: Yeni ve Yak\u0131n \u00c7a\u011f&#8217;da Avrupa. Bu d\u00f6nem, Avrupa&#8217;n\u0131n tarih sahnesine \u00e7\u0131kt\u0131\u011f\u0131 ve \u00f6nemli de\u011fi\u015fimler ya\u015fad\u0131\u011f\u0131 bir zamand\u0131r. Haz\u0131rsan\u0131z, hemen ba\u015flayal\u0131m!<\/p>\n<p>1. R\u00f6nesans D\u00f6nemi (14. y\u00fczy\u0131l &#8211; 16. y\u00fczy\u0131l)<\/p>\n<p>R\u00f6nesans, Yeni ve Yak\u0131n \u00c7a\u011f&#8217;\u0131n ba\u015flang\u0131c\u0131nda ger\u00e7ekle\u015fen bir k\u00fclt\u00fcrel harekettir. Bu d\u00f6nemde, sanat, bilim ve edebiyatta b\u00fcy\u00fck at\u0131l\u0131mlar ya\u015fand\u0131. \u0130talya&#8217;da ortaya \u00e7\u0131kan R\u00f6nesans, insan merkezli d\u00fc\u015f\u00fcnceyi benimsedi ve \u00f6nceden al\u0131\u015f\u0131lagelmi\u015f olanlardan farkl\u0131 olarak do\u011faya ve insana odakland\u0131.<\/p>\n<p>2. Reformasyon Hareketi (16. y\u00fczy\u0131l)<\/p>\n<p>Reformasyon Hareketi, Katolik Kilisesi&#8217;ndeki baz\u0131 uygulamalar\u0131 ele\u015ftiren ve de\u011fi\u015ftirmeye \u00e7al\u0131\u015fan bir harekettir. Martin Luther, bu hareketin en \u00f6nemli fig\u00fcrlerinden biridir. Protestanl\u0131k ak\u0131m\u0131n\u0131n temelleri bu d\u00f6nemde at\u0131ld\u0131 ve Avrupa&#8217;da dini ve sosyal de\u011fi\u015fimlere yol a\u00e7t\u0131.<\/p>\n<p>3. Ayd\u0131nlanma \u00c7a\u011f\u0131 (17. y\u00fczy\u0131l &#8211; 18. y\u00fczy\u0131l)<\/p>\n<p><center><img decoding=\"async\" src=\"https:\/\/www.sorumatix.com\/blog\/wp-content\/uploads\/2023\/09\/uploaded-image-ayt-tarih-yeni-ve-yakin-cagda-avrupa-konu-anlatimi-1694517515282.jpg\" title=\"AYT - Tarih - Yeni ve Yak\u0131n \u00c7a\u011f\u2019da Avrupa Konu Anlat\u0131m\u0131 \" alt=\"AYT - Tarih - Yeni ve Yak\u0131n \u00c7a\u011f\u2019da Avrupa Konu Anlat\u0131m\u0131 \"><\/center><\/p>\n<p>Ayd\u0131nlanma \u00c7a\u011f\u0131, ak\u0131l ve bilimin \u00f6nem kazand\u0131\u011f\u0131 bir d\u00f6nemdir. Bu d\u00f6nemde, insanlar kendi d\u00fc\u015f\u00fcncelerini sorgulama ve \u00f6zg\u00fcrce ifade etme e\u011filimi g\u00f6sterdiler. Ayd\u0131nlanma d\u00fc\u015f\u00fcn\u00fcrleri, toplumsal adalet, e\u015fitlik ve \u00f6zg\u00fcrl\u00fck gibi kavramlar\u0131 savundular.<\/p>\n<p>4. Sanayi Devrimi (18. y\u00fczy\u0131l &#8211; 19. y\u00fczy\u0131l)<\/p>\n<p>Sanayi Devrimi, Avrupa&#8217;n\u0131n ekonomik ve teknolojik a\u00e7\u0131dan b\u00fcy\u00fck bir de\u011fi\u015fim ya\u015fad\u0131\u011f\u0131 bir d\u00f6nemdir. Makinele\u015fmenin ve fabrika sisteminin yayg\u0131nla\u015fmas\u0131yla tar\u0131m toplumlar\u0131 end\u00fcstriyel toplumlara d\u00f6n\u00fc\u015ft\u00fc. Bu d\u00f6nemde, demir ve k\u00f6m\u00fcr gibi kaynaklar\u0131n ke\u015ffi ve kullan\u0131m\u0131 \u00f6nemli rol oynad\u0131.<\/p>\n<p>5. \u0130mparatorluklar ve S\u00f6m\u00fcrgecilik (19. y\u00fczy\u0131l &#8211; 20. y\u00fczy\u0131l)<\/p>\n<p>Yeni ve Yak\u0131n \u00c7a\u011f&#8217;da, Avrupa devletleri b\u00fcy\u00fck imparatorluklar kurdu ve s\u00f6m\u00fcrgele\u015ftirdi. B\u00fcy\u00fck Britanya, Fransa, Almanya ve di\u011fer bir\u00e7ok Avrupa \u00fclkesi, Afrika, Asya ve Amerika k\u0131talar\u0131nda s\u00f6m\u00fcrge topraklar\u0131 elde etti. Bu d\u00f6nemde, k\u00fclt\u00fcrel ve ekonomik etkile\u015fimlerin yan\u0131 s\u0131ra s\u00f6m\u00fcrgele\u015ftirme s\u00fcreci de ya\u015fand\u0131.<\/p>\n<p>Bu k\u0131sa ama \u00f6z bilgiye dayanan AYT &#8211; Tarih &#8211; Yeni ve Yak\u0131n \u00c7a\u011f&#8217;da Avrupa konu anlat\u0131m\u0131yla ilgili olarak, bu konular\u0131n s\u0131navda kar\u015f\u0131n\u0131za \u00e7\u0131kabilece\u011fini unutmay\u0131n. Sizin i\u00e7in haz\u0131rlad\u0131\u011f\u0131m\u0131z bu konu anlat\u0131m\u0131 umar\u0131m derslerinizde size yard\u0131mc\u0131 olur ve ba\u015far\u0131l\u0131 bir s\u0131nav ge\u00e7irmenize katk\u0131 sa\u011flar.<\/p>\n<p>E\u011fer daha fazla detayl\u0131 bilgi edinmek isterseniz, Tarih ders kitaplar\u0131ndan veya kaynaklardan yararlanabilirsiniz. Unutmay\u0131n, ba\u015far\u0131 \u00f6\u011frenmekte ve \u00e7al\u0131\u015fmakta sakl\u0131d\u0131r. Her zaman motive ol<\/p>\n<p><\/body><\/html><\/p>\n","protected":false},"excerpt":{"rendered":"<p>AYT &#8211; Tarih &#8211; Yeni ve Yak\u0131n \u00c7a\u011f\u2019da Avrupa Konu Anlat\u0131m\u0131 Merhaba gen\u00e7ler! Bug\u00fcn sizlere AYT Tarih dersinde s\u0131kl\u0131kla kar\u015f\u0131la\u015faca\u011f\u0131n\u0131z<\/p>\n","protected":false},"author":1,"featured_media":3274,"comment_status":"open","ping_status":"open","sticky":false,"template":"","format":"standard","meta":{"colormag_page_container_layout":"default_layout","colormag_page_sidebar_layout":"default_layout","footnotes":""},"categories":[15],"tags":[],"class_list":["post-3277","post","type-post","status-publish","format-standard","has-post-thumbnail","hentry","category-sosyal-bilimler-dersleri"],"_links":{"self":[{"href":"https:\/\/www.sorumatix.com\/blog\/wp-json\/wp\/v2\/posts\/3277","targetHints":{"allow":["GET"]}}],"collection":[{"href":"https:\/\/www.sorumatix.com\/blog\/wp-json\/wp\/v2\/posts"}],"about":[{"href":"https:\/\/www.sorumatix.com\/blog\/wp-json\/wp\/v2\/types\/post"}],"author":[{"embeddable":true,"href":"https:\/\/www.sorumatix.com\/blog\/wp-json\/wp\/v2\/users\/1"}],"replies":[{"embeddable":true,"href":"https:\/\/www.sorumatix.com\/blog\/wp-json\/wp\/v2\/comments?post=3277"}],"version-history":[{"count":0,"href":"https:\/\/www.sorumatix.com\/blog\/wp-json\/wp\/v2\/posts\/3277\/revisions"}],"wp:featuredmedia":[{"embeddable":true,"href":"https:\/\/www.sorumatix.com\/blog\/wp-json\/wp\/v2\/media\/3274"}],"wp:attachment":[{"href":"https:\/\/www.sorumatix.com\/blog\/wp-json\/wp\/v2\/media?parent=3277"}],"wp:term":[{"taxonomy":"category","embeddable":true,"href":"https:\/\/www.sorumatix.com\/blog\/wp-json\/wp\/v2\/categories?post=3277"},{"taxonomy":"post_tag","embeddable":true,"href":"https:\/\/www.sorumatix.com\/blog\/wp-json\/wp\/v2\/tags?post=3277"}],"curies":[{"name":"wp","href":"https:\/\/api.w.org\/{rel}","templated":true}]}}