{"id":3278,"date":"2023-09-25T14:37:41","date_gmt":"2023-09-25T14:37:41","guid":{"rendered":"https:\/\/www.sorumatix.com\/blog\/?p=3278"},"modified":"2023-09-25T14:37:41","modified_gmt":"2023-09-25T14:37:41","slug":"ayt-tarih-arayis-yillari-konu-anlatimi","status":"publish","type":"post","link":"https:\/\/www.sorumatix.com\/blog\/ayt-tarih-arayis-yillari-konu-anlatimi.html","title":{"rendered":"AYT &#8211; Tarih &#8211; Aray\u0131\u015f Y\u0131llar\u0131 Konu Anlat\u0131m\u0131"},"content":{"rendered":"<p><center><iframe loading=\"lazy\" width=\"560\" height=\"315\" src=\"https:\/\/www.youtube.com\/embed\/i80SuhpoC18\" title=\"YouTube video player\" frameborder=\"0\" allow=\"accelerometer; autoplay; clipboard-write; encrypted-media; gyroscope; picture-in-picture; web-share\" allowfullscreen><\/iframe><\/center><html><head><\/head><body><\/p>\n<p>AYT &#8211; Tarih &#8211; Aray\u0131\u015f Y\u0131llar\u0131 Konu Anlat\u0131m\u0131<\/p>\n<p>Merhaba gen\u00e7ler! Bug\u00fcn size, AYT Tarih s\u0131nav\u0131nda s\u0131k\u00e7a kar\u015f\u0131la\u015faca\u011f\u0131n\u0131z Aray\u0131\u015f Y\u0131llar\u0131 konusunu anlataca\u011f\u0131m. Bu d\u00f6nem, Osmanl\u0131 \u0130mparatorlu\u011fu&#8217;nun zorlu bir s\u00fcre\u00e7ten ge\u00e7ti\u011fi y\u0131llard\u0131r ve tarihimizin \u00f6nemli bir par\u00e7as\u0131n\u0131 olu\u015fturur. Hadi ba\u015flayal\u0131m!<\/p>\n<p>1. Tanzimat D\u00f6nemi (1839-1876)<\/p>\n<p>Tanzimat, Osmanl\u0131 \u0130mparatorlu\u011fu&#8217;nun modernle\u015fme hareketidir. Bu d\u00f6nemde, devletin kurumlar\u0131 yeniden d\u00fczenlenmi\u015f, hukuk sistemine reformlar getirilmi\u015f ve e\u011fitim sistemi modernle\u015ftirilmi\u015ftir. Tanzimat, Osmanl\u0131 \u0130mparatorlu\u011fu\u2019nda bat\u0131l\u0131la\u015fma \u00e7abalar\u0131n\u0131n ve reformlar\u0131n ba\u015flang\u0131c\u0131d\u0131r.<\/p>\n<p>2. Islahat Ferman\u0131 (1856)<\/p>\n<p>Islahat Ferman\u0131, Osmanl\u0131 \u0130mparatorlu\u011fu&#8217;nda az\u0131nl\u0131klara hak tan\u0131yan bir belgedir. Bu ferman ile gayrim\u00fcslimlere e\u015fit haklar verilerek, imparatorlu\u011fun etnik ve dini farkl\u0131l\u0131klar\u0131n\u0131 kabul eden bir politika izlenmi\u015ftir. Bu durum, Osmanl\u0131 \u0130mparatorlu\u011fu&#8217;nun \u00e7e\u015fitlili\u011fini ve ho\u015fg\u00f6r\u00fcs\u00fcn\u00fc yans\u0131tmaktad\u0131r.<\/p>\n<p>3. Me\u015frutiyet D\u00f6nemi (1876-1908)<\/p>\n<p>Me\u015frutiyet, anayasa ile y\u00f6netilen bir devlet d\u00fczenidir. 1876&#8217;da ilan edilen Kanun-i Esasi ile Osmanl\u0131 \u0130mparatorlu\u011fu&#8217;nun ilk anayasas\u0131 kabul edilmi\u015ftir. Bu d\u00f6nemde siyasi partiler olu\u015fmu\u015f, bas\u0131n \u00f6zg\u00fcrl\u00fc\u011f\u00fc ve demokratik haklar \u00f6nem kazanm\u0131\u015ft\u0131r. Ancak, me\u015frutiyet d\u00f6nemi i\u00e7 \u00e7eki\u015fmelere sahne olmu\u015f ve II. Me\u015frutiyet&#8217;in ilan\u0131yla son bulmu\u015ftur.<\/p>\n<p>4. J\u00f6n T\u00fcrkler ve \u0130ttihat ve Terakki Cemiyeti<\/p>\n<p><center><img decoding=\"async\" src=\"https:\/\/www.sorumatix.com\/blog\/wp-content\/uploads\/2023\/09\/uploaded-image-ayt-tarih-arayis-yillari-konu-anlatimi-1694517515280.jpg\" title=\"AYT - Tarih - Aray\u0131\u015f Y\u0131llar\u0131 Konu Anlat\u0131m\u0131 \" alt=\"AYT - Tarih - Aray\u0131\u015f Y\u0131llar\u0131 Konu Anlat\u0131m\u0131 \"><\/center><\/p>\n<p>J\u00f6n T\u00fcrkler, Osmanl\u0131 \u0130mparatorlu\u011fu&#8217;nda gen\u00e7 ayd\u0131nlar\u0131n olu\u015fturdu\u011fu bir grup olarak ortaya \u00e7\u0131km\u0131\u015ft\u0131r. \u0130ttihat ve Terakki Cemiyeti ise J\u00f6n T\u00fcrkler&#8217;in siyasi bir \u00f6rg\u00fctlenmesidir. Bu grup, imparatorlu\u011fun \u00e7\u00f6k\u00fc\u015f\u00fcn\u00fc engellemek i\u00e7in reformlar yapma amac\u0131 ta\u015f\u0131maktad\u0131r.<\/p>\n<p>5. Balkan Sava\u015flar\u0131 (1912-1913)<\/p>\n<p>Balkan Sava\u015flar\u0131, Osmanl\u0131 \u0130mparatorlu\u011fu&#8217;nun Balkanlardaki toprak kay\u0131plar\u0131n\u0131n ya\u015fand\u0131\u011f\u0131 bir d\u00f6nemdir. Bu sava\u015flar sonucunda Osmanl\u0131 \u0130mparatorlu\u011fu, Makedonya, Kosova, Bat\u0131 Trakya gibi topraklar\u0131n\u0131 b\u00fcy\u00fck oranda kaybetmi\u015ftir. Balkan Sava\u015flar\u0131, imparatorlu\u011fun zay\u0131flamas\u0131na ve \u00e7\u00f6k\u00fc\u015f s\u00fcrecinin h\u0131zlanmas\u0131na neden olmu\u015ftur.<\/p>\n<p>6. I. D\u00fcnya Sava\u015f\u0131 ve Mondros M\u00fctarekesi (1914-1918)<\/p>\n<p>I. D\u00fcnya Sava\u015f\u0131, Osmanl\u0131 \u0130mparatorlu\u011fu&#8217;nun son d\u00f6nemlerinde ya\u015fanan b\u00fcy\u00fck bir sava\u015ft\u0131r. Osmanl\u0131 \u0130mparatorlu\u011fu, Almanya ve Avusturya-Macaristan \u0130mparatorluklar\u0131yla ittifak yapm\u0131\u015ft\u0131r. Ancak sava\u015f\u0131n sonunda Osmanl\u0131 \u0130mparatorlu\u011fu yenilmi\u015f ve Mondros M\u00fctarekesi imzalanm\u0131\u015ft\u0131r. Bu m\u00fctareke ile imparatorluk topraklar\u0131n\u0131n i\u015fgali ba\u015flam\u0131\u015ft\u0131r.<\/p>\n<p>AYT Tarih s\u0131nav\u0131nda Aray\u0131\u015f Y\u0131llar\u0131 konusu olduk\u00e7a \u00f6nemlidir. Bu d\u00f6nemi<\/p>\n<p><\/body><\/html><\/p>\n","protected":false},"excerpt":{"rendered":"<p>AYT &#8211; Tarih &#8211; Aray\u0131\u015f Y\u0131llar\u0131 Konu Anlat\u0131m\u0131 Merhaba gen\u00e7ler! Bug\u00fcn size, AYT Tarih s\u0131nav\u0131nda s\u0131k\u00e7a kar\u015f\u0131la\u015faca\u011f\u0131n\u0131z Aray\u0131\u015f Y\u0131llar\u0131 konusunu<\/p>\n","protected":false},"author":1,"featured_media":3273,"comment_status":"open","ping_status":"open","sticky":false,"template":"","format":"standard","meta":{"colormag_page_container_layout":"default_layout","colormag_page_sidebar_layout":"default_layout","footnotes":""},"categories":[15],"tags":[],"class_list":["post-3278","post","type-post","status-publish","format-standard","has-post-thumbnail","hentry","category-sosyal-bilimler-dersleri"],"_links":{"self":[{"href":"https:\/\/www.sorumatix.com\/blog\/wp-json\/wp\/v2\/posts\/3278","targetHints":{"allow":["GET"]}}],"collection":[{"href":"https:\/\/www.sorumatix.com\/blog\/wp-json\/wp\/v2\/posts"}],"about":[{"href":"https:\/\/www.sorumatix.com\/blog\/wp-json\/wp\/v2\/types\/post"}],"author":[{"embeddable":true,"href":"https:\/\/www.sorumatix.com\/blog\/wp-json\/wp\/v2\/users\/1"}],"replies":[{"embeddable":true,"href":"https:\/\/www.sorumatix.com\/blog\/wp-json\/wp\/v2\/comments?post=3278"}],"version-history":[{"count":0,"href":"https:\/\/www.sorumatix.com\/blog\/wp-json\/wp\/v2\/posts\/3278\/revisions"}],"wp:featuredmedia":[{"embeddable":true,"href":"https:\/\/www.sorumatix.com\/blog\/wp-json\/wp\/v2\/media\/3273"}],"wp:attachment":[{"href":"https:\/\/www.sorumatix.com\/blog\/wp-json\/wp\/v2\/media?parent=3278"}],"wp:term":[{"taxonomy":"category","embeddable":true,"href":"https:\/\/www.sorumatix.com\/blog\/wp-json\/wp\/v2\/categories?post=3278"},{"taxonomy":"post_tag","embeddable":true,"href":"https:\/\/www.sorumatix.com\/blog\/wp-json\/wp\/v2\/tags?post=3278"}],"curies":[{"name":"wp","href":"https:\/\/api.w.org\/{rel}","templated":true}]}}