{"id":3290,"date":"2023-10-02T03:17:41","date_gmt":"2023-10-02T03:17:41","guid":{"rendered":"https:\/\/www.sorumatix.com\/blog\/?p=3290"},"modified":"2023-10-02T03:17:41","modified_gmt":"2023-10-02T03:17:41","slug":"ayt-tarih-yuzyil-baslarinda-osmanli-devleti-konu-anlatimi","status":"publish","type":"post","link":"https:\/\/www.sorumatix.com\/blog\/ayt-tarih-yuzyil-baslarinda-osmanli-devleti-konu-anlatimi.html","title":{"rendered":"AYT &#8211; Tarih &#8211; Y\u00fczy\u0131l Ba\u015flar\u0131nda Osmanl\u0131 Devleti Konu Anlat\u0131m\u0131"},"content":{"rendered":"<p><center><iframe loading=\"lazy\" width=\"560\" height=\"315\" src=\"https:\/\/www.youtube.com\/embed\/giucu9qaKt4\" title=\"YouTube video player\" frameborder=\"0\" allow=\"accelerometer; autoplay; clipboard-write; encrypted-media; gyroscope; picture-in-picture; web-share\" allowfullscreen><\/iframe><\/center><html><head><\/head><body><\/p>\n<p>Y\u00fczy\u0131l Ba\u015flar\u0131nda Osmanl\u0131 Devleti Konu Anlat\u0131m\u0131<\/p>\n<p>Merhaba gen\u00e7ler! Bu makalede, size tarih dersinde kar\u015f\u0131n\u0131za \u00e7\u0131kabilecek \u00f6nemli bir konuyu anlataca\u011f\u0131m: Y\u00fczy\u0131l Ba\u015flar\u0131nda Osmanl\u0131 Devleti. Sizlere bu konuyu m\u00fcmk\u00fcn oldu\u011funca basit ve e\u011flenceli bir dil kullanarak aktaraca\u011f\u0131m. Haz\u0131rsan\u0131z ba\u015flayal\u0131m!<\/p>\n<p>Osmanl\u0131 Devleti, k\u00f6kenini 13. y\u00fczy\u0131lda Osman Bey&#8217;in liderli\u011finde kurulan beylikten al\u0131r. Ancak biz, 15. y\u00fczy\u0131l\u0131n ba\u015flar\u0131na odaklanaca\u011f\u0131z. Bu d\u00f6nem, Osmanl\u0131 Devleti&#8217;nin b\u00fcy\u00fcme ve g\u00fc\u00e7lenme s\u00fcrecinin ya\u015fand\u0131\u011f\u0131 bir zaman dilimidir.<\/p>\n<p>1. \u0130stanbul&#8217;un Fethi<\/p>\n<p>Bu d\u00f6nemin en \u00f6nemli olaylar\u0131ndan biri olan \u0130stanbul&#8217;un fethi, Osmanl\u0131 Devleti&#8217;nin g\u00fcc\u00fcn\u00fc ve etkisini art\u0131rm\u0131\u015ft\u0131r. 1453 y\u0131l\u0131nda ger\u00e7ekle\u015fen bu tarihi olay, Osmanl\u0131 \u0130mparatorlu\u011fu&#8217;nun Balkanlar, Anadolu ve Ortado\u011fu&#8217;daki hakimiyetini peki\u015ftirmesini sa\u011flad\u0131.<\/p>\n<p>2. Fatih Sultan Mehmet<\/p>\n<p>\u0130stanbul&#8217;un fethini ger\u00e7ekle\u015ftiren padi\u015fah olan Fatih Sultan Mehmet, Osmanl\u0131 Devleti&#8217;nin en \u00fcnl\u00fc ve etkili h\u00fck\u00fcmdarlar\u0131ndan biridir. Gen\u00e7 ya\u015fta tahta \u00e7\u0131kan Fatih Sultan Mehmet, cesareti ve liderlik yetenekleriyle tan\u0131n\u0131r. \u0130stanbul&#8217;u fethederek Osmanl\u0131 Devleti&#8217;ni Avrupa&#8217;n\u0131n \u00f6nemli bir g\u00fcc\u00fc haline getirmi\u015ftir.<\/p>\n<p>3. Kanunname-i Al-i Osman<\/p>\n<p>Y\u00fczy\u0131l ba\u015flar\u0131nda Osmanl\u0131 Devleti&#8217;nin y\u00f6netim sistemi Kanunname-i Al-i Osman olarak bilinir. Bu kanunnameler, devletin idari yap\u0131s\u0131n\u0131, vergi d\u00fczenlemelerini ve adalet sistemini d\u00fczenleyen yasalard\u0131r. Fatih Sultan Mehmet taraf\u0131ndan haz\u0131rlanan bu kanunnameler, Osmanl\u0131 Devleti&#8217;nin istikrar\u0131n\u0131 ve d\u00fczenini sa\u011flamak i\u00e7in b\u00fcy\u00fck bir \u00f6neme sahiptir.<\/p>\n<p>4. K\u00fclt\u00fcrel Geli\u015fmeler<\/p>\n<p>Osmanl\u0131 Devleti, sadece siyasi a\u00e7\u0131dan de\u011fil, ayn\u0131 zamanda k\u00fclt\u00fcrel anlamda da b\u00fcy\u00fck geli\u015fmeler kaydetmi\u015ftir. Y\u00fczy\u0131l ba\u015flar\u0131nda edebiyat, mimari, sanat ve bilim alanlar\u0131nda b\u00fcy\u00fck ilerlemeler ya\u015fanm\u0131\u015ft\u0131r. \u00d6rne\u011fin, Fatih Sultan Mehmet&#8217;in destekledi\u011fi \u00fcnl\u00fc bilim insanlar\u0131 ve sanat\u00e7\u0131lar d\u00f6nemindeki bu geli\u015fmelere \u00f6nc\u00fcl\u00fck etmi\u015ftir.<\/p>\n<p><center><img decoding=\"async\" src=\"https:\/\/www.sorumatix.com\/blog\/wp-content\/uploads\/2023\/09\/uploaded-image-ayt-tarih-yuzyil-baslarinda-osmanli-devleti-konu-anlatimi-1694517515788.jpg\" title=\"AYT - Tarih - Y\u00fczy\u0131l Ba\u015flar\u0131nda Osmanl\u0131 Devleti Konu Anlat\u0131m\u0131 \" alt=\"AYT - Tarih - Y\u00fczy\u0131l Ba\u015flar\u0131nda Osmanl\u0131 Devleti Konu Anlat\u0131m\u0131 \"><\/center><\/p>\n<p>5. Yavuz Sultan Selim<\/p>\n<p>Y\u00fczy\u0131l ba\u015flar\u0131nda Osmanl\u0131 Devleti&#8217;nin en \u00f6nemli padi\u015fahlar\u0131ndan biri olan Yavuz Sultan Selim, Osmanl\u0131 Devleti&#8217;nin geni\u015flemesine ve g\u00fc\u00e7lenmesine katk\u0131da bulunmu\u015ftur. M\u0131s\u0131r&#8217;\u0131 fethederek Osmanl\u0131 \u0130mparatorlu\u011fu&#8217;nu Orta Do\u011fu&#8217;da daha da g\u00fc\u00e7lendirmi\u015ftir.<\/p>\n<p>Sonu\u00e7 olarak, y\u00fczy\u0131l ba\u015flar\u0131nda Osmanl\u0131 Devleti b\u00fcy\u00fck bir d\u00f6n\u00fc\u015f\u00fcm ya\u015fam\u0131\u015f ve Avrupa&#8217;n\u0131n \u00f6nemli bir g\u00fcc\u00fc haline gelmi\u015ftir. \u0130stanbul&#8217;un fethi, Fatih Sultan Mehmet&#8217;in liderli\u011fi, Kanunname-i Al-i Osman gibi yasalar, k\u00fclt\u00fcrel geli\u015fmeler ve Yavuz Sultan Selim&#8217;in ba\u015far\u0131lar\u0131 bu d\u00f6nemin \u00f6nemli unsurlar\u0131d\u0131r. Bu konuyu \u00f6\u011frenmek, tarih anlay\u0131\u015f\u0131n\u0131z\u0131 geni\u015fletecek ve Osmanl\u0131 Devleti&#8217;nin iz b\u0131rakt\u0131\u011f\u0131 d\u00fcnyay\u0131 daha iyi anlaman\u0131z\u0131 sa\u011flayacakt\u0131r.<\/p>\n<p>Umar\u0131m bu makale, AYT Tarih<\/p>\n<p><\/body><\/html><\/p>\n","protected":false},"excerpt":{"rendered":"<p>Y\u00fczy\u0131l Ba\u015flar\u0131nda Osmanl\u0131 Devleti Konu Anlat\u0131m\u0131 Merhaba gen\u00e7ler! Bu makalede, size tarih dersinde kar\u015f\u0131n\u0131za \u00e7\u0131kabilecek \u00f6nemli bir konuyu anlataca\u011f\u0131m: Y\u00fczy\u0131l<\/p>\n","protected":false},"author":1,"featured_media":3279,"comment_status":"open","ping_status":"open","sticky":false,"template":"","format":"standard","meta":{"colormag_page_container_layout":"default_layout","colormag_page_sidebar_layout":"default_layout","footnotes":""},"categories":[15],"tags":[],"class_list":["post-3290","post","type-post","status-publish","format-standard","has-post-thumbnail","hentry","category-sosyal-bilimler-dersleri"],"_links":{"self":[{"href":"https:\/\/www.sorumatix.com\/blog\/wp-json\/wp\/v2\/posts\/3290","targetHints":{"allow":["GET"]}}],"collection":[{"href":"https:\/\/www.sorumatix.com\/blog\/wp-json\/wp\/v2\/posts"}],"about":[{"href":"https:\/\/www.sorumatix.com\/blog\/wp-json\/wp\/v2\/types\/post"}],"author":[{"embeddable":true,"href":"https:\/\/www.sorumatix.com\/blog\/wp-json\/wp\/v2\/users\/1"}],"replies":[{"embeddable":true,"href":"https:\/\/www.sorumatix.com\/blog\/wp-json\/wp\/v2\/comments?post=3290"}],"version-history":[{"count":0,"href":"https:\/\/www.sorumatix.com\/blog\/wp-json\/wp\/v2\/posts\/3290\/revisions"}],"wp:featuredmedia":[{"embeddable":true,"href":"https:\/\/www.sorumatix.com\/blog\/wp-json\/wp\/v2\/media\/3279"}],"wp:attachment":[{"href":"https:\/\/www.sorumatix.com\/blog\/wp-json\/wp\/v2\/media?parent=3290"}],"wp:term":[{"taxonomy":"category","embeddable":true,"href":"https:\/\/www.sorumatix.com\/blog\/wp-json\/wp\/v2\/categories?post=3290"},{"taxonomy":"post_tag","embeddable":true,"href":"https:\/\/www.sorumatix.com\/blog\/wp-json\/wp\/v2\/tags?post=3290"}],"curies":[{"name":"wp","href":"https:\/\/api.w.org\/{rel}","templated":true}]}}