{"id":3295,"date":"2023-09-22T23:57:41","date_gmt":"2023-09-22T23:57:41","guid":{"rendered":"https:\/\/www.sorumatix.com\/blog\/?p=3295"},"modified":"2023-09-22T23:57:41","modified_gmt":"2023-09-22T23:57:41","slug":"ayt-tarih-beylikten-devlete-konu-anlatimi","status":"publish","type":"post","link":"https:\/\/www.sorumatix.com\/blog\/ayt-tarih-beylikten-devlete-konu-anlatimi.html","title":{"rendered":"AYT &#8211; Tarih &#8211; Beylikten Devlete Konu Anlat\u0131m\u0131"},"content":{"rendered":"<p><center><iframe loading=\"lazy\" width=\"560\" height=\"315\" src=\"https:\/\/www.youtube.com\/embed\/C-GGMv8ErOQ\" title=\"YouTube video player\" frameborder=\"0\" allow=\"accelerometer; autoplay; clipboard-write; encrypted-media; gyroscope; picture-in-picture; web-share\" allowfullscreen><\/iframe><\/center><html><head><\/head><body><\/p>\n<p>Beylikten Devlete: T\u00fcrk Tarihindeki B\u00fcy\u00fck D\u00f6n\u00fc\u015f\u00fcm<\/p>\n<p><center><img decoding=\"async\" src=\"https:\/\/www.sorumatix.com\/blog\/wp-content\/uploads\/2023\/09\/uploaded-image-ayt-tarih-beylikten-devlete-konu-anlatimi-1694517516033.jpg\" title=\"AYT - Tarih - Beylikten Devlete Konu Anlat\u0131m\u0131 \" alt=\"AYT - Tarih - Beylikten Devlete Konu Anlat\u0131m\u0131 \"><\/center><\/p>\n<p>\u0130\u00e7eri\u011finizi olu\u015fturmadan \u00f6nce s\u00f6ylemek istedi\u011fim bir \u015fey var: Tarih s\u0131k\u0131c\u0131 de\u011fildir! Evet, belki baz\u0131lar\u0131 i\u00e7in tarih dersleri zorlay\u0131c\u0131 gelebilir, ama ger\u00e7ek \u015fu ki, ge\u00e7mi\u015fimize ait hikayelerle dolu olan bu dersler, asl\u0131nda hayat\u0131m\u0131z\u0131n temelini olu\u015fturuyor. O y\u00fczden, AYT &#8211; Tarih &#8211; Beylikten Devlete konusu ile ilgili sana baz\u0131 ilgin\u00e7 detaylar\u0131 anlatmak istiyorum.<\/p>\n<p>1. \u0130lk ad\u0131m: Beylikler<\/p>\n<p>T\u00fcrk tarihinin bir d\u00f6nemi olan beylikler d\u00f6nemine ho\u015f geldin! Bu d\u00f6nem, 11. y\u00fczy\u0131ldan itibaren Anadolu&#8217;da kurulan T\u00fcrk devletlerinin h\u00fck\u00fcm s\u00fcrd\u00fc\u011f\u00fc bir zaman dilimini ifade eder. Sel\u00e7uklu, Dani\u015fmend, Meng\u00fccek gibi beylikler, Anadolu&#8217;nun farkl\u0131 b\u00f6lgelerinde kendi krall\u0131klar\u0131n\u0131 kurmu\u015flard\u0131r. Bu d\u00f6nemde T\u00fcrk k\u00fclt\u00fcr\u00fc ve \u0130slam medeniyeti etkile\u015fim i\u00e7erisindedir.<\/p>\n<p>2. Kudretli Osmanl\u0131 \u0130mparatorlu\u011fu<\/p>\n<p>Beylikler d\u00f6neminin ard\u0131ndan sahneye \u00e7\u0131kan Osmanl\u0131 \u0130mparatorlu\u011fu, T\u00fcrk tarihinde \u00f6nemli bir yer tutar. Osmanl\u0131lar, k\u00f6kenlerini Osman Bey&#8217;den alan bir devlettir. 14. y\u00fczy\u0131lda kurulan bu imparatorluk, sadece T\u00fcrkiye&#8217;yi de\u011fil, Balkanlar, Orta Do\u011fu ve Kuzey Afrika&#8217;y\u0131 da kapsayan geni\u015f bir co\u011frafyada h\u00fck\u00fcm s\u00fcrm\u00fc\u015ft\u00fcr. Osmanl\u0131 \u0130mparatorlu\u011fu&#8217;nun siyasi, k\u00fclt\u00fcrel ve mimari miras\u0131 g\u00fcn\u00fcm\u00fczde bile etkisini s\u00fcrd\u00fcrmektedir.<\/p>\n<p>3. Devletin Y\u00fckseli\u015fi<\/p>\n<p>Osmanl\u0131 \u0130mparatorlu\u011fu&#8217;nun y\u00fckseli\u015f d\u00f6nemi olan Fatih Sultan Mehmet&#8217;in \u0130stanbul&#8217;u fethetmesiyle ba\u015flam\u0131\u015ft\u0131r. Bu olay, tarihte \u00f6nemli bir d\u00f6n\u00fcm noktas\u0131d\u0131r \u00e7\u00fcnk\u00fc \u0130stanbul&#8217;un fethi, Bat\u0131 Avrupa&#8217;da b\u00fcy\u00fck bir etki yaratm\u0131\u015ft\u0131r. Osmanl\u0131lar, fetihlerine devam ederek g\u00fc\u00e7lenmi\u015f ve Avrupa&#8217;ya kadar uzanan bir imparatorluk haline gelmi\u015ftir.<\/p>\n<p>4. K\u00fclt\u00fcrel Zenginlik: Sanat ve Edebiyat<\/p>\n<p>Osmanl\u0131 \u0130mparatorlu\u011fu, sadece siyasi a\u00e7\u0131dan de\u011fil, k\u00fclt\u00fcrel olarak da b\u00fcy\u00fck bir zenginli\u011fe sahiptir. Divan edebiyat\u0131, minyat\u00fcr sanat\u0131, tezhip, hat sanat\u0131 gibi alanlarda \u00f6nemli eserler ortaya \u00e7\u0131km\u0131\u015ft\u0131r. Osmanl\u0131 saray\u0131, sanat\u0131n ve edebiyat\u0131n merkezi olmu\u015f, pek \u00e7ok \u00fcnl\u00fc \u015fair ve yazar yeti\u015fmi\u015ftir.<\/p>\n<p>5. Modernle\u015fme S\u00fcreci<\/p>\n<p>19. y\u00fczy\u0131lda Osmanl\u0131 \u0130mparatorlu\u011fu, modernle\u015fme s\u00fcrecine girmi\u015ftir. Bu d\u00f6nemde bat\u0131l\u0131la\u015fma \u00e7abalar\u0131 artm\u0131\u015f, yenilikler ve reformlar ger\u00e7ekle\u015ftirilmi\u015ftir. Ancak bir yandan da imparatorluk, i\u00e7 ve d\u0131\u015f bask\u0131larla kar\u015f\u0131 kar\u015f\u0131ya gelmi\u015ftir. Bu d\u00f6nemde ya\u015fanan olaylar, Cumhuriyetin kurulmas\u0131nda etkili olmu\u015ftur.<\/p>\n<p>Beylikten Devlete ge\u00e7i\u015f s\u00fcreci, T\u00fcrk tarihindeki b\u00fcy\u00fck bir d\u00f6n\u00fc\u015f\u00fcm\u00fc ifade eder. Bu d\u00f6nemde ya\u015fanan olaylar, bug\u00fcn\u00fcn T\u00fcrkiye&#8217;sinin temelini atarak tarihimize y\u00f6n vermi\u015ftir. Tarih dersleri, bu \u00f6nemli d\u00f6nemi anlamam\u0131z\u0131 sa\u011f<\/p>\n<p><\/body><\/html><\/p>\n","protected":false},"excerpt":{"rendered":"<p>Beylikten Devlete: T\u00fcrk Tarihindeki B\u00fcy\u00fck D\u00f6n\u00fc\u015f\u00fcm \u0130\u00e7eri\u011finizi olu\u015fturmadan \u00f6nce s\u00f6ylemek istedi\u011fim bir \u015fey var: Tarih s\u0131k\u0131c\u0131 de\u011fildir! Evet, belki baz\u0131lar\u0131<\/p>\n","protected":false},"author":1,"featured_media":3285,"comment_status":"open","ping_status":"open","sticky":false,"template":"","format":"standard","meta":{"colormag_page_container_layout":"default_layout","colormag_page_sidebar_layout":"default_layout","footnotes":""},"categories":[15],"tags":[],"class_list":["post-3295","post","type-post","status-publish","format-standard","has-post-thumbnail","hentry","category-sosyal-bilimler-dersleri"],"_links":{"self":[{"href":"https:\/\/www.sorumatix.com\/blog\/wp-json\/wp\/v2\/posts\/3295","targetHints":{"allow":["GET"]}}],"collection":[{"href":"https:\/\/www.sorumatix.com\/blog\/wp-json\/wp\/v2\/posts"}],"about":[{"href":"https:\/\/www.sorumatix.com\/blog\/wp-json\/wp\/v2\/types\/post"}],"author":[{"embeddable":true,"href":"https:\/\/www.sorumatix.com\/blog\/wp-json\/wp\/v2\/users\/1"}],"replies":[{"embeddable":true,"href":"https:\/\/www.sorumatix.com\/blog\/wp-json\/wp\/v2\/comments?post=3295"}],"version-history":[{"count":0,"href":"https:\/\/www.sorumatix.com\/blog\/wp-json\/wp\/v2\/posts\/3295\/revisions"}],"wp:featuredmedia":[{"embeddable":true,"href":"https:\/\/www.sorumatix.com\/blog\/wp-json\/wp\/v2\/media\/3285"}],"wp:attachment":[{"href":"https:\/\/www.sorumatix.com\/blog\/wp-json\/wp\/v2\/media?parent=3295"}],"wp:term":[{"taxonomy":"category","embeddable":true,"href":"https:\/\/www.sorumatix.com\/blog\/wp-json\/wp\/v2\/categories?post=3295"},{"taxonomy":"post_tag","embeddable":true,"href":"https:\/\/www.sorumatix.com\/blog\/wp-json\/wp\/v2\/tags?post=3295"}],"curies":[{"name":"wp","href":"https:\/\/api.w.org\/{rel}","templated":true}]}}