{"id":3302,"date":"2023-11-08T22:57:41","date_gmt":"2023-11-08T22:57:41","guid":{"rendered":"https:\/\/www.sorumatix.com\/blog\/?p=3302"},"modified":"2023-11-08T22:57:41","modified_gmt":"2023-11-08T22:57:41","slug":"ayt-din-kulturu-inancla-ilgili-meseleler-konu-anlatimi","status":"publish","type":"post","link":"https:\/\/www.sorumatix.com\/blog\/ayt-din-kulturu-inancla-ilgili-meseleler-konu-anlatimi.html","title":{"rendered":"AYT &#8211; Din K\u00fclt\u00fcr\u00fc &#8211; \u0130nan\u00e7la \u0130lgili Meseleler Konu Anlat\u0131m\u0131"},"content":{"rendered":"<p><center><iframe loading=\"lazy\" width=\"560\" height=\"315\" src=\"https:\/\/www.youtube.com\/embed\/vq4AKLs5zH4\" title=\"YouTube video player\" frameborder=\"0\" allow=\"accelerometer; autoplay; clipboard-write; encrypted-media; gyroscope; picture-in-picture; web-share\" allowfullscreen><\/iframe><\/center><html><head><\/head><body><\/p>\n<p>AYT &#8211; Din K\u00fclt\u00fcr\u00fc &#8211; \u0130nan\u00e7la \u0130lgili Meseleler Konu Anlat\u0131m\u0131<\/p>\n<p>Din K\u00fclt\u00fcr\u00fc dersi, hayat\u0131m\u0131z\u0131n bir par\u00e7as\u0131 olan dinleri ve onlar\u0131n k\u00fclt\u00fcrel etkilerini anlamam\u0131z\u0131 sa\u011flar. AYT s\u0131nav\u0131nda bu dersin konular\u0131ndan \u0130nan\u00e7la \u0130lgili Meseleler de yer al\u0131r. Bu konu, gen\u00e7ler aras\u0131nda merak uyand\u0131rabilir ve bazen kafa kar\u0131\u015f\u0131kl\u0131\u011f\u0131na neden olabilir. Bu yaz\u0131da, AYT &#8211; Din K\u00fclt\u00fcr\u00fc &#8211; \u0130nan\u00e7la \u0130lgili Meseleler konusunu ele alacak ve size daha iyi anlaman\u0131z i\u00e7in yard\u0131mc\u0131 olaca\u011f\u0131z.<\/p>\n<p>1. \u0130nan\u00e7 Nedir?<\/p>\n<p>&#8211; \u0130nan\u00e7, insanlar\u0131n d\u00fc\u015f\u00fcncelerini ve davran\u0131\u015flar\u0131n\u0131 \u015fekillendiren temel de\u011ferler ve do\u011frulara inanmakt\u0131r.<\/p>\n<p>&#8211; \u0130nan\u00e7, genellikle ki\u015finin aidiyet duygusu ve ya\u015fam felsefesinin bir par\u00e7as\u0131d\u0131r.<\/p>\n<p><center><img decoding=\"async\" src=\"https:\/\/www.sorumatix.com\/blog\/wp-content\/uploads\/2023\/09\/uploaded-image-ayt-din-kulturu-inancla-ilgili-meseleler-konu-anlatimi-1694517515882.jpg\" title=\"AYT - Din K\u00fclt\u00fcr\u00fc - \u0130nan\u00e7la \u0130lgili Meseleler Konu Anlat\u0131m\u0131 \" alt=\"AYT - Din K\u00fclt\u00fcr\u00fc - \u0130nan\u00e7la \u0130lgili Meseleler Konu Anlat\u0131m\u0131 \"><\/center><\/p>\n<p>2. Din ve K\u00fclt\u00fcr Aras\u0131ndaki \u0130li\u015fki<\/p>\n<p>&#8211; Din, toplumun k\u00fclt\u00fcr\u00fcn\u00fc etkiler ve \u015fekillendirir.<\/p>\n<p>&#8211; Din, rit\u00fceller, t\u00f6renler, giyim tarz\u0131 ve sanat gibi \u00e7e\u015fitli k\u00fclt\u00fcrel unsurlar\u0131 i\u00e7erir.<\/p>\n<p>&#8211; Farkl\u0131 dinler, farkl\u0131 k\u00fclt\u00fcrel pratiklere ve geleneklere sahiptir.<\/p>\n<p>3. Dinler Aras\u0131 Etkile\u015fim<\/p>\n<p>&#8211; Tarih boyunca, farkl\u0131 dinlere mensup insanlar bir arada ya\u015fam\u0131\u015f ve etkile\u015fimde bulunmu\u015ftur.<\/p>\n<p>&#8211; Bu etkile\u015fimler, k\u00fclt\u00fcrel al\u0131\u015fveri\u015fe ve yeni d\u00fc\u015f\u00fcnce bi\u00e7imlerinin ortaya \u00e7\u0131kmas\u0131na yol a\u00e7m\u0131\u015ft\u0131r.<\/p>\n<p>4. Din ve Bilim \u0130li\u015fkisi<\/p>\n<p>&#8211; Din ve bilim, insanlar\u0131n d\u00fcnyay\u0131 anlama ve a\u00e7\u0131klama \u00e7abalar\u0131nda farkl\u0131 yakla\u015f\u0131mlar sunar.<\/p>\n<p>&#8211; Bilim, g\u00f6zlem ve deneylere dayan\u0131rken, din daha \u00e7ok inan\u00e7 ve spirit\u00fcel boyutlar\u0131 kapsar.<\/p>\n<p>&#8211; Bir\u00e7ok insan, din ve bilimi uyumlu bir \u015fekilde birle\u015ftirmeye \u00e7al\u0131\u015f\u0131rken baz\u0131lar\u0131 da iki alan aras\u0131nda \u00e7eli\u015fkiler oldu\u011funu savunur.<\/p>\n<p>5. Din ve Toplumsal Cinsiyet Rolleri<\/p>\n<p>&#8211; Din, toplumun cinsiyet rollerini belirleyen fakt\u00f6rlerden biridir.<\/p>\n<p>&#8211; Baz\u0131 dinlerde erkekler ve kad\u0131nlar farkl\u0131 g\u00f6revler ve sorumluluklar \u00fcstlenir.<\/p>\n<p>&#8211; Ancak g\u00fcn\u00fcm\u00fczde, bir\u00e7ok din toplumsal cinsiyet e\u015fitli\u011fine daha fazla \u00f6nem vermektedir.<\/p>\n<p>6. Din ve \u0130nsan Haklar\u0131<\/p>\n<p>&#8211; Din \u00f6zg\u00fcrl\u00fc\u011f\u00fc, insan haklar\u0131yla yak\u0131ndan ili\u015fkilidir.<\/p>\n<p>&#8211; Her bireyin diledi\u011fi din\u00ee inanc\u0131 benimsemesi ve uygulamas\u0131 hakk\u0131 vard\u0131r.<\/p>\n<p>&#8211; Din ve inan\u00e7, insan haklar\u0131n\u0131n bir par\u00e7as\u0131d\u0131r ve ki\u015filerin \u00f6zg\u00fcr iradesine ba\u011fl\u0131d\u0131r.<\/p>\n<p>AYT &#8211; Din K\u00fclt\u00fcr\u00fc &#8211; \u0130nan\u00e7la \u0130lgili Meseleler konusu, s\u0131navda genellikle dinler aras\u0131 etkile\u015fim, din-bilim ili\u015fkisi, toplumsal cinsiyet rolleri, insan haklar\u0131 gibi alt konular\u0131 i\u00e7erir. Bu konular\u0131 anlamak ve ezberlemek i\u00e7in d\u00fczenli \u00e7al\u0131\u015fma yapmak \u00f6nemlidir. Ayr\u0131ca, farkl\u0131 dinleri ve k\u00fclt\u00fcrleri anlamak i\u00e7in a\u00e7\u0131k fikirli olmak ve ba\u015fkalar\u0131n\u0131n inan\u00e7lar\u0131na sayg\u0131 g\u00f6stermek gereklidir.<\/p>\n<p>Unutmay\u0131n, Din K\u00fclt\u00fcr\u00fc dersi sadece bir s\u0131nav konusu de\u011fil, hayat\u0131m\u0131z\u0131n bir par\u00e7as\u0131d\u0131r. Farkl\u0131 dinlere mensup insanlarla ileti\u015fim kurmak,<\/p>\n<p><\/body><\/html><\/p>\n","protected":false},"excerpt":{"rendered":"<p>AYT &#8211; Din K\u00fclt\u00fcr\u00fc &#8211; \u0130nan\u00e7la \u0130lgili Meseleler Konu Anlat\u0131m\u0131 Din K\u00fclt\u00fcr\u00fc dersi, hayat\u0131m\u0131z\u0131n bir par\u00e7as\u0131 olan dinleri ve onlar\u0131n<\/p>\n","protected":false},"author":1,"featured_media":3280,"comment_status":"open","ping_status":"open","sticky":false,"template":"","format":"standard","meta":{"colormag_page_container_layout":"default_layout","colormag_page_sidebar_layout":"default_layout","footnotes":""},"categories":[15],"tags":[],"class_list":["post-3302","post","type-post","status-publish","format-standard","has-post-thumbnail","hentry","category-sosyal-bilimler-dersleri"],"_links":{"self":[{"href":"https:\/\/www.sorumatix.com\/blog\/wp-json\/wp\/v2\/posts\/3302","targetHints":{"allow":["GET"]}}],"collection":[{"href":"https:\/\/www.sorumatix.com\/blog\/wp-json\/wp\/v2\/posts"}],"about":[{"href":"https:\/\/www.sorumatix.com\/blog\/wp-json\/wp\/v2\/types\/post"}],"author":[{"embeddable":true,"href":"https:\/\/www.sorumatix.com\/blog\/wp-json\/wp\/v2\/users\/1"}],"replies":[{"embeddable":true,"href":"https:\/\/www.sorumatix.com\/blog\/wp-json\/wp\/v2\/comments?post=3302"}],"version-history":[{"count":1,"href":"https:\/\/www.sorumatix.com\/blog\/wp-json\/wp\/v2\/posts\/3302\/revisions"}],"predecessor-version":[{"id":4780,"href":"https:\/\/www.sorumatix.com\/blog\/wp-json\/wp\/v2\/posts\/3302\/revisions\/4780"}],"wp:featuredmedia":[{"embeddable":true,"href":"https:\/\/www.sorumatix.com\/blog\/wp-json\/wp\/v2\/media\/3280"}],"wp:attachment":[{"href":"https:\/\/www.sorumatix.com\/blog\/wp-json\/wp\/v2\/media?parent=3302"}],"wp:term":[{"taxonomy":"category","embeddable":true,"href":"https:\/\/www.sorumatix.com\/blog\/wp-json\/wp\/v2\/categories?post=3302"},{"taxonomy":"post_tag","embeddable":true,"href":"https:\/\/www.sorumatix.com\/blog\/wp-json\/wp\/v2\/tags?post=3302"}],"curies":[{"name":"wp","href":"https:\/\/api.w.org\/{rel}","templated":true}]}}