{"id":3307,"date":"2023-10-06T01:17:41","date_gmt":"2023-10-06T01:17:41","guid":{"rendered":"https:\/\/www.sorumatix.com\/blog\/?p=3307"},"modified":"2023-10-06T01:17:41","modified_gmt":"2023-10-06T01:17:41","slug":"ayt-tarih-yuzyil-baslarinda-dunya-konu-anlatimi","status":"publish","type":"post","link":"https:\/\/www.sorumatix.com\/blog\/ayt-tarih-yuzyil-baslarinda-dunya-konu-anlatimi.html","title":{"rendered":"AYT &#8211; Tarih &#8211; Y\u00fczy\u0131l Ba\u015flar\u0131nda D\u00fcnya Konu Anlat\u0131m\u0131"},"content":{"rendered":"<p><center><iframe loading=\"lazy\" width=\"560\" height=\"315\" src=\"https:\/\/www.youtube.com\/embed\/RVINabykI_c\" title=\"YouTube video player\" frameborder=\"0\" allow=\"accelerometer; autoplay; clipboard-write; encrypted-media; gyroscope; picture-in-picture; web-share\" allowfullscreen><\/iframe><\/center><html><head><\/head><body><\/p>\n<p>Y\u00fczy\u0131l Ba\u015flar\u0131nda D\u00fcnya: Tarih \u00d6\u011frenmek Hi\u00e7 Bu Kadar E\u011flenceli Olmam\u0131\u015ft\u0131<\/p>\n<p>Lise y\u0131llar\u0131n\u0131n en heyecanl\u0131 d\u00f6nemlerinden biri olan AYT&#8217;ye haz\u0131rl\u0131k s\u00fcrecinde, \u00f6\u011frencilerin en b\u00fcy\u00fck destek\u00e7isi olarak buraday\u0131m! Tarih dersinizde size yard\u0131mc\u0131 olmak ve bu konuyu daha anla\u015f\u0131l\u0131r k\u0131lmak i\u00e7in buraday\u0131m. Gel, birlikte Y\u00fczy\u0131l Ba\u015flar\u0131nda D\u00fcnya&#8217;y\u0131 ke\u015ffedelim!<\/p>\n<p>1. \u0130nsanl\u0131k Tarihine Heyecanl\u0131 Bir Yolculuk<\/p>\n<p>\u0130lk ba\u015fta, kendimizi insanl\u0131k tarihinin derinliklerine b\u0131rakal\u0131m. Geli\u015fmi\u015f bir medeniyetin nas\u0131l ortaya \u00e7\u0131kt\u0131\u011f\u0131n\u0131 ve d\u00fcnyan\u0131n \u00e7e\u015fitli b\u00f6lgelerindeki \u00f6nemli olaylar\u0131 inceleyece\u011fiz. Bu yolculukta, antik \u00e7a\u011flar\u0131n b\u00fcy\u00fcl\u00fc d\u00fcnyas\u0131na dalacak ve M\u0131s\u0131r piramitlerinin s\u0131rlar\u0131n\u0131 \u00e7\u00f6zece\u011fiz.<\/p>\n<p>2. Avrupa&#8217;n\u0131n Yeniden Do\u011fu\u015fu: R\u00f6nesans<\/p>\n<p>R\u00f6nesans d\u00f6nemiyle birlikte Avrupa&#8217;da b\u00fcy\u00fck de\u011fi\u015fimler ya\u015fand\u0131. Sanat, bilim ve edebiyatta ger\u00e7ekle\u015fen bu devrimci d\u00f6nemi ele alaca\u011f\u0131z. Leonardo da Vinci&#8217;nin eserlerini incelerken, onun dahiyane zihnine hayran kalacaks\u0131n\u0131z.<\/p>\n<p>3. Ke\u015fifler \u00c7a\u011f\u0131: Yeni D\u00fcnya&#8217;ya Ad\u0131m Atmak<\/p>\n<p>Christopher Columbus&#8217;un Amerika&#8217;y\u0131 ke\u015ffetmesiyle ba\u015flayan Ke\u015fifler \u00c7a\u011f\u0131, d\u00fcnyan\u0131n jeopolitik yap\u0131s\u0131n\u0131 tamamen de\u011fi\u015ftirdi. Denizcilerin maceralar\u0131na kat\u0131lacak ve Marco Polo&#8217;nun Asya&#8217;da yapt\u0131\u011f\u0131 yolculu\u011fu izleyece\u011fiz.<\/p>\n<p>4. Sanayi Devrimi: D\u00fcnyay\u0131 De\u011fi\u015ftiren G\u00fc\u00e7<\/p>\n<p>Sanayi Devrimi, modern d\u00fcnyan\u0131n temelini att\u0131 ve end\u00fcstriyel \u00fcretim s\u00fcrecini ba\u015flatt\u0131. Bu d\u00f6nemdeki teknolojik ilerlemeleri, fabrikalar\u0131n do\u011fu\u015funu ve buhar g\u00fcc\u00fcn\u00fcn etkisini g\u00f6zlemleyece\u011fiz.<\/p>\n<p><center><img decoding=\"async\" src=\"https:\/\/www.sorumatix.com\/blog\/wp-content\/uploads\/2023\/09\/uploaded-image-ayt-tarih-yuzyil-baslarinda-dunya-konu-anlatimi-1694517515953.jpg\" title=\"AYT - Tarih - Y\u00fczy\u0131l Ba\u015flar\u0131nda D\u00fcnya Konu Anlat\u0131m\u0131 \" alt=\"AYT - Tarih - Y\u00fczy\u0131l Ba\u015flar\u0131nda D\u00fcnya Konu Anlat\u0131m\u0131 \"><\/center><\/p>\n<p>5. \u0130mparatorluklar\u0131n Y\u00fckseli\u015fi ve \u00c7\u00f6k\u00fc\u015f\u00fc<\/p>\n<p>Bu b\u00f6l\u00fcmde, Osmanl\u0131 \u0130mparatorlu\u011fu, Roma \u0130mparatorlu\u011fu ve di\u011fer b\u00fcy\u00fck imparatorluklar\u0131n y\u00fckseli\u015fini ve \u00e7\u00f6k\u00fc\u015f\u00fcn\u00fc inceleyece\u011fiz. B\u00fcy\u00fck liderlerin kararlar\u0131n\u0131n nas\u0131l tarih ak\u0131\u015f\u0131n\u0131 etkiledi\u011fini kavrayacak ve ge\u00e7mi\u015ften dersler \u00e7\u0131karaca\u011f\u0131z.<\/p>\n<p>Y\u00fczy\u0131l Ba\u015flar\u0131nda D\u00fcnya&#8217;y\u0131 \u00f6\u011frenirken, bir\u00e7ok etkile\u015fimli \u00f6\u011frenme materyali ve testleme arac\u0131yla donat\u0131lm\u0131\u015f olacaks\u0131n\u0131z. Tarih derslerine olan ilginizi art\u0131rmak i\u00e7in sizi e\u011flenceli bilgi yar\u0131\u015fmalar\u0131na davet ediyoruz.<\/p>\n<p>Derslerinizi desteklemek i\u00e7in buraday\u0131m ve Y\u00fczy\u0131l Ba\u015flar\u0131nda D\u00fcnya konusunda size rehberlik etmek i\u00e7in sab\u0131rs\u0131zlan\u0131yorum. Hedef kitlenizin ya\u015f aral\u0131\u011f\u0131ndan dolay\u0131, basit, samimi ve e\u011flenceli bir dil kullanarak \u00f6zg\u00fcn i\u00e7erikler sunuyorum.<\/p>\n<p>Hat\u0131rlaman\u0131z gereken \u00f6nemli nokta, tarih dersinin s\u0131k\u0131c\u0131 olmad\u0131\u011f\u0131d\u0131r. Ge\u00e7mi\u015fi anlamak, bug\u00fcn\u00fc ve gelece\u011fi anlamak demektir. Bu nedenle, birlikte tarihin derinliklerine inecek ve ge\u00e7mi\u015ften dersler \u00e7\u0131karaca\u011f\u0131z.<\/p>\n<p>Unutmay\u0131n, AYT&#8217;ye haz\u0131rl\u0131k s\u00fcrecinde oldu\u011funuzda, ba\u015far\u0131ya giden yolun keyifli ve etkile\u015fimli bir \u015fekilde \u00f6\u011frenmekten ge\u00e7ti\u011fini unut<\/p>\n<p><\/body><\/html><\/p>\n","protected":false},"excerpt":{"rendered":"<p>Y\u00fczy\u0131l Ba\u015flar\u0131nda D\u00fcnya: Tarih \u00d6\u011frenmek Hi\u00e7 Bu Kadar E\u011flenceli Olmam\u0131\u015ft\u0131 Lise y\u0131llar\u0131n\u0131n en heyecanl\u0131 d\u00f6nemlerinden biri olan AYT&#8217;ye haz\u0131rl\u0131k s\u00fcrecinde,<\/p>\n","protected":false},"author":1,"featured_media":3283,"comment_status":"open","ping_status":"open","sticky":false,"template":"","format":"standard","meta":{"colormag_page_container_layout":"default_layout","colormag_page_sidebar_layout":"default_layout","footnotes":""},"categories":[15],"tags":[],"class_list":["post-3307","post","type-post","status-publish","format-standard","has-post-thumbnail","hentry","category-sosyal-bilimler-dersleri"],"_links":{"self":[{"href":"https:\/\/www.sorumatix.com\/blog\/wp-json\/wp\/v2\/posts\/3307","targetHints":{"allow":["GET"]}}],"collection":[{"href":"https:\/\/www.sorumatix.com\/blog\/wp-json\/wp\/v2\/posts"}],"about":[{"href":"https:\/\/www.sorumatix.com\/blog\/wp-json\/wp\/v2\/types\/post"}],"author":[{"embeddable":true,"href":"https:\/\/www.sorumatix.com\/blog\/wp-json\/wp\/v2\/users\/1"}],"replies":[{"embeddable":true,"href":"https:\/\/www.sorumatix.com\/blog\/wp-json\/wp\/v2\/comments?post=3307"}],"version-history":[{"count":0,"href":"https:\/\/www.sorumatix.com\/blog\/wp-json\/wp\/v2\/posts\/3307\/revisions"}],"wp:featuredmedia":[{"embeddable":true,"href":"https:\/\/www.sorumatix.com\/blog\/wp-json\/wp\/v2\/media\/3283"}],"wp:attachment":[{"href":"https:\/\/www.sorumatix.com\/blog\/wp-json\/wp\/v2\/media?parent=3307"}],"wp:term":[{"taxonomy":"category","embeddable":true,"href":"https:\/\/www.sorumatix.com\/blog\/wp-json\/wp\/v2\/categories?post=3307"},{"taxonomy":"post_tag","embeddable":true,"href":"https:\/\/www.sorumatix.com\/blog\/wp-json\/wp\/v2\/tags?post=3307"}],"curies":[{"name":"wp","href":"https:\/\/api.w.org\/{rel}","templated":true}]}}