{"id":3315,"date":"2023-10-03T10:37:41","date_gmt":"2023-10-03T10:37:41","guid":{"rendered":"https:\/\/www.sorumatix.com\/blog\/?p=3315"},"modified":"2023-10-03T10:37:41","modified_gmt":"2023-10-03T10:37:41","slug":"ayt-tarih-birinci-dunya-savasi-konu-anlatimi","status":"publish","type":"post","link":"https:\/\/www.sorumatix.com\/blog\/ayt-tarih-birinci-dunya-savasi-konu-anlatimi.html","title":{"rendered":"AYT &#8211; Tarih &#8211; Birinci D\u00fcnya Sava\u015f\u0131 Konu Anlat\u0131m\u0131"},"content":{"rendered":"<p><center><iframe loading=\"lazy\" width=\"560\" height=\"315\" src=\"https:\/\/www.youtube.com\/embed\/v7DAqhlikFY\" title=\"YouTube video player\" frameborder=\"0\" allow=\"accelerometer; autoplay; clipboard-write; encrypted-media; gyroscope; picture-in-picture; web-share\" allowfullscreen><\/iframe><\/center><html><head><\/head><body><\/p>\n<p>Birinci D\u00fcnya Sava\u015f\u0131: Tarih Dersindeki Heyecan Verici Macera<\/p>\n<p>Merhaba gen\u00e7ler! Bug\u00fcn sizlere tarih derslerinizden tan\u0131d\u0131k bir konudan bahsedece\u011fim: AYT &#8211; Tarih &#8211; Birinci D\u00fcnya Sava\u015f\u0131 Konu Anlat\u0131m\u0131. Evet, evet, ben de biliyorum, bazen \u00f6\u011frenmesi zor ve s\u0131k\u0131c\u0131 gelebiliyor ama endi\u015felenmeyin, bu makalede size sade bir dille anlataca\u011f\u0131m ve umar\u0131m biraz e\u011flenceli bulursunuz.<\/p>\n<p>1. Sebep ve Tarih Arka Plan\u0131<\/p>\n<p>\u0130lk olarak, Birinci D\u00fcnya Sava\u015f\u0131&#8217;n\u0131n nedenleri ve tarih \u00f6ncesi olaylar hakk\u0131nda konu\u015fal\u0131m. Bu sava\u015f, 1914-1918 y\u0131llar\u0131 aras\u0131nda ger\u00e7ekle\u015fti ve Avrupa&#8217;daki b\u00fcy\u00fck g\u00fc\u00e7ler aras\u0131nda bir \u00e7at\u0131\u015fma olarak ba\u015flad\u0131. Milliyet\u00e7ilik, s\u00f6m\u00fcrgecilik, askeri ittifaklar ve ekonomik rekabet gibi bir\u00e7ok fakt\u00f6r bu sava\u015f\u0131n tetikleyicileri aras\u0131nda yer ald\u0131.<\/p>\n<p>2. Sava\u015f\u0131n Patlak Veri\u015fi<\/p>\n<p>Peki, sava\u015f nas\u0131l patlak verdi? Ayn\u0131 zamanda Harbinger olarak da bilinen Gavrilo Princip isimli bir S\u0131rp milliyet\u00e7isi, Avusturya-Macaristan Veliaht Prensi Franz Ferdinand&#8217;\u0131 \u00f6ld\u00fcrd\u00fc. Bu olay, Avusturya-Macaristan&#8217;\u0131n S\u0131rbistan&#8217;a sava\u015f ilan etmesine ve ard\u0131ndan Avrupa&#8217;daki di\u011fer g\u00fc\u00e7lerin de sava\u015fa kat\u0131lmas\u0131na yol a\u00e7t\u0131.<\/p>\n<p><center><img decoding=\"async\" src=\"https:\/\/www.sorumatix.com\/blog\/wp-content\/uploads\/2023\/09\/uploaded-image-ayt-tarih-birinci-dunya-savasi-konu-anlatimi-1694517516789.jpg\" title=\"AYT - Tarih - Birinci D\u00fcnya Sava\u015f\u0131 Konu Anlat\u0131m\u0131 \" alt=\"AYT - Tarih - Birinci D\u00fcnya Sava\u015f\u0131 Konu Anlat\u0131m\u0131 \"><\/center><\/p>\n<p>3. Cephe Hatlar\u0131 ve Yeni Teknolojiler<\/p>\n<p>Birinci D\u00fcnya Sava\u015f\u0131, cephe hatlar\u0131n\u0131n belirginle\u015fti\u011fi bir d\u00f6nemdi. Bat\u0131 Cephesi ve Do\u011fu Cephesi olarak ikiye ayr\u0131lan sava\u015f alanlar\u0131, \u00e7at\u0131\u015fman\u0131n ana odak noktalar\u0131yd\u0131. Ayr\u0131ca, bu sava\u015fta yeni teknolojiler de kullan\u0131ld\u0131. Tanklar, u\u00e7aklar, kimyasal silahlar gibi yenilik\u00e7i ara\u00e7lar sava\u015f\u0131n seyrini de\u011fi\u015ftirdi.<\/p>\n<p>4. Sava\u015f\u0131n Sonu\u00e7lar\u0131 ve Bar\u0131\u015f Antla\u015fmalar\u0131<\/p>\n<p>Sava\u015f\u0131n sonunda, Almanya ve m\u00fcttefikleri ma\u011flup oldu. Bunun sonucunda, Versay Antla\u015fmas\u0131 gibi \u00f6nemli bar\u0131\u015f antla\u015fmalar\u0131 imzaland\u0131. Bu antla\u015fmalarla birlikte yeni uluslararas\u0131 d\u00fczen kuruldu ve devlet s\u0131n\u0131rlar\u0131 yeniden \u00e7izildi. Ancak, bu antla\u015fmalar\u0131n baz\u0131 haks\u0131zl\u0131klara ve gelecekteki \u00e7at\u0131\u015fmalara zemin haz\u0131rlad\u0131\u011f\u0131 da s\u00f6ylenebilir.<\/p>\n<p>5. Dersin \u00d6nemi ve Bug\u00fcn\u00fcn D\u00fcnyas\u0131na Etkisi<\/p>\n<p>Son olarak, Birinci D\u00fcnya Sava\u015f\u0131&#8217;n\u0131n tarih dersindeki \u00f6nemine de\u011finelim. Bu sava\u015f, 20. y\u00fczy\u0131l\u0131n en \u00f6nemli olaylar\u0131ndan biri olarak kabul edilir ve bug\u00fcnk\u00fc d\u00fcnyam\u0131z\u0131n \u015fekillenmesinde b\u00fcy\u00fck bir etkisi vard\u0131r. K\u00fcresel siyasi dengeler, uluslararas\u0131 ili\u015fkiler ve toplumsal de\u011fi\u015fimler \u00fczerinde derin izler b\u0131rakm\u0131\u015ft\u0131r.<\/p>\n<p>Sonu\u00e7 olarak, AYT &#8211; Tarih &#8211; Birinci D\u00fcnya Sava\u015f\u0131 Konu Anlat\u0131m\u0131 tarih dersinizde \u00f6\u011frenece\u011finiz heyecan verici bir macerad\u0131r. Bu konuyu anlamak, ge\u00e7mi\u015fimizi ve bug\u00fcn\u00fcm\u00fcz\u00fc daha iyi kavraman\u0131za yard\u0131mc\u0131 olacakt\u0131r. Unutmay\u0131n, tarih sadece isimler ve tarihlerden ibaret de\u011fildir, ger\u00e7ek insanlar\u0131n ya\u015fad\u0131\u011f\u0131 ger\u00e7ek olaylar\u0131 i\u00e7erir. Bu y\u00fczden konuya a\u00e7\u0131k<\/p>\n<p><\/body><\/html><\/p>\n","protected":false},"excerpt":{"rendered":"<p>Birinci D\u00fcnya Sava\u015f\u0131: Tarih Dersindeki Heyecan Verici Macera Merhaba gen\u00e7ler! Bug\u00fcn sizlere tarih derslerinizden tan\u0131d\u0131k bir konudan bahsedece\u011fim: AYT &#8211;<\/p>\n","protected":false},"author":1,"featured_media":3291,"comment_status":"open","ping_status":"open","sticky":false,"template":"","format":"standard","meta":{"colormag_page_container_layout":"default_layout","colormag_page_sidebar_layout":"default_layout","footnotes":""},"categories":[15],"tags":[],"class_list":["post-3315","post","type-post","status-publish","format-standard","has-post-thumbnail","hentry","category-sosyal-bilimler-dersleri"],"_links":{"self":[{"href":"https:\/\/www.sorumatix.com\/blog\/wp-json\/wp\/v2\/posts\/3315","targetHints":{"allow":["GET"]}}],"collection":[{"href":"https:\/\/www.sorumatix.com\/blog\/wp-json\/wp\/v2\/posts"}],"about":[{"href":"https:\/\/www.sorumatix.com\/blog\/wp-json\/wp\/v2\/types\/post"}],"author":[{"embeddable":true,"href":"https:\/\/www.sorumatix.com\/blog\/wp-json\/wp\/v2\/users\/1"}],"replies":[{"embeddable":true,"href":"https:\/\/www.sorumatix.com\/blog\/wp-json\/wp\/v2\/comments?post=3315"}],"version-history":[{"count":0,"href":"https:\/\/www.sorumatix.com\/blog\/wp-json\/wp\/v2\/posts\/3315\/revisions"}],"wp:featuredmedia":[{"embeddable":true,"href":"https:\/\/www.sorumatix.com\/blog\/wp-json\/wp\/v2\/media\/3291"}],"wp:attachment":[{"href":"https:\/\/www.sorumatix.com\/blog\/wp-json\/wp\/v2\/media?parent=3315"}],"wp:term":[{"taxonomy":"category","embeddable":true,"href":"https:\/\/www.sorumatix.com\/blog\/wp-json\/wp\/v2\/categories?post=3315"},{"taxonomy":"post_tag","embeddable":true,"href":"https:\/\/www.sorumatix.com\/blog\/wp-json\/wp\/v2\/tags?post=3315"}],"curies":[{"name":"wp","href":"https:\/\/api.w.org\/{rel}","templated":true}]}}