{"id":3335,"date":"2023-09-29T12:37:41","date_gmt":"2023-09-29T12:37:41","guid":{"rendered":"https:\/\/www.sorumatix.com\/blog\/?p=3335"},"modified":"2023-09-29T12:37:41","modified_gmt":"2023-09-29T12:37:41","slug":"ayt-tarih-en-uzun-yuzyil-konu-anlatimi","status":"publish","type":"post","link":"https:\/\/www.sorumatix.com\/blog\/ayt-tarih-en-uzun-yuzyil-konu-anlatimi.html","title":{"rendered":"AYT &#8211; Tarih &#8211; En Uzun Y\u00fczy\u0131l Konu Anlat\u0131m\u0131"},"content":{"rendered":"<p><center><iframe loading=\"lazy\" width=\"560\" height=\"315\" src=\"https:\/\/www.youtube.com\/embed\/GtMQs8Btea0\" title=\"YouTube video player\" frameborder=\"0\" allow=\"accelerometer; autoplay; clipboard-write; encrypted-media; gyroscope; picture-in-picture; web-share\" allowfullscreen><\/iframe><\/center><html><head><\/head><body><\/p>\n<p>En Uzun Y\u00fczy\u0131l: AYT Tarih S\u0131nav\u0131nda Ba\u015far\u0131n\u0131n Anahtar\u0131<\/p>\n<p>Merhaba gen\u00e7ler! Sizler i\u00e7in AYT (Alan Yeterlilik Testi) Tarih s\u0131nav\u0131nda ba\u015far\u0131l\u0131 olman\u0131n \u00f6nemli bir konusu olan En Uzun Y\u00fczy\u0131l hakk\u0131nda bilgilendirici bir makale haz\u0131rlad\u0131m. Bu makalede, bu konuyu a\u00e7\u0131klayarak s\u0131navda daha iyi sonu\u00e7lar elde etmenize yard\u0131mc\u0131 olmay\u0131 ama\u00e7l\u0131yorum. Hadi, ba\u015flayal\u0131m!<\/p>\n<p><center><img decoding=\"async\" src=\"https:\/\/www.sorumatix.com\/blog\/wp-content\/uploads\/2023\/09\/uploaded-image-ayt-tarih-en-uzun-yuzyil-konu-anlatimi-1694517518181.jpg\" title=\"AYT - Tarih - En Uzun Y\u00fczy\u0131l Konu Anlat\u0131m\u0131 \" alt=\"AYT - Tarih - En Uzun Y\u00fczy\u0131l Konu Anlat\u0131m\u0131 \"><\/center><\/p>\n<p>1. 15. y\u00fczy\u0131lda ba\u015flayan En Uzun Y\u00fczy\u0131l, Osmanl\u0131 \u0130mparatorlu\u011fu&#8217;nun en g\u00fc\u00e7l\u00fc d\u00f6nemlerinden birini temsil eder. Bu d\u00f6nem, Fatih Sultan Mehmet&#8217;in \u0130stanbul&#8217;u fethetmesiyle ba\u015flar ve Kanuni Sultan S\u00fcleyman&#8217;\u0131n \u00f6l\u00fcm\u00fcne kadar devam eder. Osmanl\u0131 \u0130mparatorlu\u011fu, bu s\u00fcre zarf\u0131nda topraklar\u0131n\u0131 geni\u015fletmi\u015f, sanat ve k\u00fclt\u00fcrde b\u00fcy\u00fck geli\u015fmeler kaydetmi\u015ftir.<\/p>\n<p>2. En Uzun Y\u00fczy\u0131l&#8217;\u0131n \u00f6nemli olaylar\u0131ndan biri, Yavuz Sultan Selim&#8217;in M\u0131s\u0131r&#8217;\u0131 fethederek Safevi Devleti&#8217;yle m\u00fccadele etmesidir. Bu zaferle Osmanl\u0131lar, Orta Do\u011fu&#8217;da g\u00fc\u00e7lerini art\u0131rm\u0131\u015f ve ticaret yollar\u0131n\u0131 kontrol alt\u0131na alm\u0131\u015flard\u0131r.<\/p>\n<p>3. Ayr\u0131ca, Kanuni Sultan S\u00fcleyman d\u00f6nemi, Osmanl\u0131 \u0130mparatorlu\u011fu&#8217;nun en parlak d\u00f6nemidir. Bu d\u00f6nemde, devletin siyasi, ekonomik ve askeri g\u00fcc\u00fc zirveye ula\u015fm\u0131\u015ft\u0131r. Kanuni Sultan S\u00fcleyman&#8217;\u0131n adaletli y\u00f6netimi ve hukuk sistemini geli\u015ftirmesi, Osmanl\u0131 \u0130mparatorlu\u011fu&#8217;nun uzun s\u00fcre var olmas\u0131n\u0131 sa\u011flam\u0131\u015ft\u0131r.<\/p>\n<p>4. Sanatta da b\u00fcy\u00fck ilerlemeler kaydeden En Uzun Y\u00fczy\u0131l, mimari, resim ve edebiyat alan\u0131nda \u00f6nemli eserlerin do\u011fdu\u011fu bir d\u00f6nemdir. Mimar Sinan, Osmanl\u0131 \u0130mparatorlu\u011fu&#8217;nda bir\u00e7ok cami, saray ve k\u00f6pr\u00fc in\u015fa etmi\u015ftir. Ayr\u0131ca, matbaan\u0131n T\u00fcrkiye&#8217;ye gelmesiyle kitap bas\u0131m\u0131 artm\u0131\u015f ve edebiyat alan\u0131nda \u00f6nemli eserler ortaya \u00e7\u0131km\u0131\u015ft\u0131r.<\/p>\n<p>5. En Uzun Y\u00fczy\u0131l&#8217;\u0131n sonunu ise Avusturya ve Lehistan gibi Avrupa g\u00fc\u00e7lerinin Osmanl\u0131 \u0130mparatorlu\u011fu&#8217;na kar\u015f\u0131 ba\u015flatt\u0131\u011f\u0131 sava\u015flar getirmi\u015ftir. Bu sava\u015flar, Osmanl\u0131 \u0130mparatorlu\u011fu&#8217;nun toprak kayb\u0131na neden olmu\u015f ve gerileme s\u00fcrecine girmesine sebep olmu\u015ftur.<\/p>\n<p>Siz gen\u00e7ler i\u00e7in AYT Tarih s\u0131nav\u0131nda En Uzun Y\u00fczy\u0131l konusu olduk\u00e7a \u00f6nemlidir. Bu nedenle, bu konuyu dikkatlice \u00e7al\u0131\u015fman\u0131z\u0131 ve notlar alman\u0131z\u0131 \u00f6neririm. Ayr\u0131ca, s\u0131nav stratejileriyle ilgili kaynaklar\u0131 kullanarak kendinizi daha da geli\u015ftirebilirsiniz.<\/p>\n<p>Unutmay\u0131n, ba\u015far\u0131n\u0131n anahtar\u0131 d\u00fczenli \u00e7al\u0131\u015fma ve motivasyondur. En Uzun Y\u00fczy\u0131l konusunu anlamak i\u00e7in kaynaklar\u0131 ara\u015ft\u0131r\u0131n, sorular \u00e7\u00f6z\u00fcn ve konuyu kavraman\u0131za yard\u0131mc\u0131 olacak \u00f6rnek olaylar \u00fczerinde d\u00fc\u015f\u00fcn\u00fcn.<\/p>\n<p>Sonu\u00e7 olarak, En Uzun Y\u00fczy\u0131l konusu Osmanl\u0131 \u0130mparatorlu\u011fu&#8217;nun g\u00fc\u00e7l\u00fc d\u00f6nemlerinden birini temsil eder. Bu d\u00f6nemi detayl\u0131 bir \u015fekilde \u00e7al\u0131\u015farak, AYT Tarih s\u0131nav\u0131nda ba\u015far\u0131l\u0131 olman\u0131z m\u00fcmk\u00fcn olacakt\u0131r. Kendinize g\u00fcvenin, \u00e7al\u0131\u015f<\/p>\n<p><\/body><\/html><\/p>\n","protected":false},"excerpt":{"rendered":"<p>En Uzun Y\u00fczy\u0131l: AYT Tarih S\u0131nav\u0131nda Ba\u015far\u0131n\u0131n Anahtar\u0131 Merhaba gen\u00e7ler! Sizler i\u00e7in AYT (Alan Yeterlilik Testi) Tarih s\u0131nav\u0131nda ba\u015far\u0131l\u0131 olman\u0131n<\/p>\n","protected":false},"author":1,"featured_media":3311,"comment_status":"open","ping_status":"open","sticky":false,"template":"","format":"standard","meta":{"colormag_page_container_layout":"default_layout","colormag_page_sidebar_layout":"default_layout","footnotes":""},"categories":[15],"tags":[],"class_list":["post-3335","post","type-post","status-publish","format-standard","has-post-thumbnail","hentry","category-sosyal-bilimler-dersleri"],"_links":{"self":[{"href":"https:\/\/www.sorumatix.com\/blog\/wp-json\/wp\/v2\/posts\/3335","targetHints":{"allow":["GET"]}}],"collection":[{"href":"https:\/\/www.sorumatix.com\/blog\/wp-json\/wp\/v2\/posts"}],"about":[{"href":"https:\/\/www.sorumatix.com\/blog\/wp-json\/wp\/v2\/types\/post"}],"author":[{"embeddable":true,"href":"https:\/\/www.sorumatix.com\/blog\/wp-json\/wp\/v2\/users\/1"}],"replies":[{"embeddable":true,"href":"https:\/\/www.sorumatix.com\/blog\/wp-json\/wp\/v2\/comments?post=3335"}],"version-history":[{"count":0,"href":"https:\/\/www.sorumatix.com\/blog\/wp-json\/wp\/v2\/posts\/3335\/revisions"}],"wp:featuredmedia":[{"embeddable":true,"href":"https:\/\/www.sorumatix.com\/blog\/wp-json\/wp\/v2\/media\/3311"}],"wp:attachment":[{"href":"https:\/\/www.sorumatix.com\/blog\/wp-json\/wp\/v2\/media?parent=3335"}],"wp:term":[{"taxonomy":"category","embeddable":true,"href":"https:\/\/www.sorumatix.com\/blog\/wp-json\/wp\/v2\/categories?post=3335"},{"taxonomy":"post_tag","embeddable":true,"href":"https:\/\/www.sorumatix.com\/blog\/wp-json\/wp\/v2\/tags?post=3335"}],"curies":[{"name":"wp","href":"https:\/\/api.w.org\/{rel}","templated":true}]}}