{"id":3346,"date":"2023-11-05T00:57:41","date_gmt":"2023-11-05T00:57:41","guid":{"rendered":"https:\/\/www.sorumatix.com\/blog\/?p=3346"},"modified":"2023-11-05T00:57:41","modified_gmt":"2023-11-05T00:57:41","slug":"ayt-din-kulturu-kurana-gore-hz-muhammed-konu-anlatimi","status":"publish","type":"post","link":"https:\/\/www.sorumatix.com\/blog\/ayt-din-kulturu-kurana-gore-hz-muhammed-konu-anlatimi.html","title":{"rendered":"AYT &#8211; Din K\u00fclt\u00fcr\u00fc &#8211; Kur\u2019an\u2019a G\u00f6re Hz. Muhammed Konu Anlat\u0131m\u0131"},"content":{"rendered":"<p><center><iframe loading=\"lazy\" width=\"560\" height=\"315\" src=\"https:\/\/www.youtube.com\/embed\/GpXOpE6o9pw\" title=\"YouTube video player\" frameborder=\"0\" allow=\"accelerometer; autoplay; clipboard-write; encrypted-media; gyroscope; picture-in-picture; web-share\" allowfullscreen><\/iframe><\/center><html><head><\/head><body><\/p>\n<p>Hz. Muhammed&#8217;in Hayat\u0131 ve \u0130slam&#8217;a Katk\u0131lar\u0131<\/p>\n<p>Hz. Muhammed, \u0130slam dininin peygamberi olarak bilinen \u00f6nemli bir fig\u00fcrd\u00fcr. Onun hayat\u0131 ve \u00f6\u011fretileri, AYT-Din K\u00fclt\u00fcr\u00fc s\u0131nav\u0131nda da s\u0131k\u00e7a kar\u015f\u0131m\u0131za \u00e7\u0131kan bir konudur. Bu makalede, Hz. Muhammed&#8217;in hayat\u0131n\u0131 ve \u0130slam&#8217;a olan katk\u0131lar\u0131n\u0131 anlataca\u011f\u0131m.<\/p>\n<p>1. Do\u011fumu ve Gen\u00e7lik Y\u0131llar\u0131:<\/p>\n<p>Hz. Muhammed, Mekke&#8217;de 570 y\u0131l\u0131nda do\u011fmu\u015ftur. \u00c7ocuklu\u011fu ve gen\u00e7lik y\u0131llar\u0131, d\u00fcr\u00fcstl\u00fc\u011f\u00fc ve g\u00fcvenilirli\u011fi ile tan\u0131nan biri olarak ge\u00e7mi\u015ftir. O d\u00f6nemde \u0130slam&#8217;\u0131n temel prensiplerini savunan farkl\u0131 gruplar bulunuyordu ve Hz. Muhammed bu gruplardan etkilenmi\u015ftir.<\/p>\n<p>2. Vahiy Alma:<\/p>\n<p><center><img decoding=\"async\" src=\"https:\/\/www.sorumatix.com\/blog\/wp-content\/uploads\/2023\/09\/uploaded-image-ayt-din-kulturu-kurana-gore-hz-muhammed-konu-anlatimi-1694517519505.jpg\" title=\"AYT - Din K\u00fclt\u00fcr\u00fc - Kur\u2019an\u2019a G\u00f6re Hz. Muhammed Konu Anlat\u0131m\u0131 \" alt=\"AYT - Din K\u00fclt\u00fcr\u00fc - Kur\u2019an\u2019a G\u00f6re Hz. Muhammed Konu Anlat\u0131m\u0131 \"><\/center><\/p>\n<p>Hz. Muhammed, 40 ya\u015f\u0131nda Hira Da\u011f\u0131&#8217;nda ibadet ederken ilk vahyi alm\u0131\u015ft\u0131r. Cebrail ad\u0131ndaki melek, Allah&#8217;\u0131n mesajlar\u0131n\u0131 ona iletmeye ba\u015flam\u0131\u015ft\u0131r. Bu vahiyler, sonradan Kuran olarak bilinen kitab\u0131n temelini olu\u015fturmu\u015ftur.<\/p>\n<p>3. \u0130slam&#8217;\u0131n Yay\u0131lmas\u0131:<\/p>\n<p>Hz. Muhammed&#8217;in tebli\u011f faaliyetleri sonucunda, \u0130slam dini h\u0131zla yay\u0131lmaya ba\u015flam\u0131\u015ft\u0131r. \u00d6ncelikle yak\u0131n \u00e7evresindeki insanlara mesaj\u0131n\u0131 ileten Hz. Muhammed, daha sonra Mekke&#8217;deki toplumun dikkatini \u00e7ekmeyi ba\u015farm\u0131\u015ft\u0131r. Ancak bu durum, Mekke&#8217;nin g\u00fc\u00e7l\u00fc liderleri taraf\u0131ndan ho\u015f kar\u015f\u0131lanmam\u0131\u015f ve Hz. Muhammed ve m\u00fcsl\u00fcmanlar bask\u0131 ve zulme maruz kalm\u0131\u015ft\u0131r.<\/p>\n<p>4. Hicret:<\/p>\n<p>Mekke&#8217;deki bask\u0131lardan ka\u00e7mak i\u00e7in Hz. Muhammed ve takip\u00e7ileri Medine&#8217;ye g\u00f6\u00e7 etmi\u015ftir. Bu olaya hicret denir ve \u0130slam takviminin ba\u015flang\u0131c\u0131 olarak kabul edilir. Hz. Muhammed, Medine&#8217;de bir devlet kurmu\u015f ve burada \u0130slam&#8217;\u0131n yay\u0131lmas\u0131na b\u00fcy\u00fck katk\u0131 sa\u011flam\u0131\u015ft\u0131r.<\/p>\n<p>5. Sava\u015flar ve Bar\u0131\u015f Anla\u015fmalar\u0131:<\/p>\n<p>Hz. Muhammed&#8217;in liderli\u011fi alt\u0131nda, \u0130slam Devleti bir\u00e7ok sava\u015fa girmi\u015f ve zaferler elde etmi\u015ftir. Bununla birlikte, Hz. Muhammed bar\u0131\u015f anla\u015fmalar\u0131 yaparak da toplumlara adalet ve huzur getirmi\u015ftir. Onun y\u00f6netimi alt\u0131nda farkl\u0131 inan\u00e7lara sahip ki\u015filere de ho\u015fg\u00f6r\u00fc g\u00f6sterilmi\u015f ve M\u00fcsl\u00fcman olmayanlar\u0131n haklar\u0131 korunmu\u015ftur.<\/p>\n<p>6. Son Y\u0131llar\u0131 ve Vefat\u0131:<\/p>\n<p>Hz. Muhammed, 632 y\u0131l\u0131nda vefat etmi\u015ftir. Vefat\u0131ndan \u00f6nce son hac ibadetini ger\u00e7ekle\u015ftirmi\u015f ve M\u00fcsl\u00fcmanlara \u00f6nemli nasihatlerde bulunmu\u015ftur. Vefat\u0131yla birlikte \u0130slam toplumu b\u00fcy\u00fck bir \u00fcz\u00fcnt\u00fc ya\u015fam\u0131\u015f, ancak onun \u00f6\u011fretileri ve miras\u0131 sonsuza kadar devam etmi\u015ftir.<\/p>\n<p>Hz. Muhammed&#8217;in hayat\u0131 ve \u00f6\u011fretileri, \u0130slam&#8217;\u0131n temel kaynaklar\u0131ndan olan Kuran&#8217;da detayl\u0131 bir \u015fekilde yer almaktad\u0131r. Onun d\u00fcr\u00fcstl\u00fc\u011f\u00fc, adaleti, sabr\u0131 ve sevgisi gen\u00e7lerin de \u00f6rnek almas\u0131 gereken de\u011ferlerdir. AYT-Din K\u00fclt\u00fcr\u00fc s\u0131nav\u0131nda bu konuya hakim olmak, \u0130slamiyet&#8217;in do\u011fru anla\u015f\u0131lmas\u0131na katk\u0131 sa\u011flayacakt\u0131r.<\/p>\n<p><\/body><\/html><\/p>\n","protected":false},"excerpt":{"rendered":"<p>Hz. Muhammed&#8217;in Hayat\u0131 ve \u0130slam&#8217;a Katk\u0131lar\u0131 Hz. Muhammed, \u0130slam dininin peygamberi olarak bilinen \u00f6nemli bir fig\u00fcrd\u00fcr. Onun hayat\u0131 ve \u00f6\u011fretileri,<\/p>\n","protected":false},"author":1,"featured_media":3328,"comment_status":"open","ping_status":"open","sticky":false,"template":"","format":"standard","meta":{"colormag_page_container_layout":"default_layout","colormag_page_sidebar_layout":"default_layout","footnotes":""},"categories":[15],"tags":[],"class_list":["post-3346","post","type-post","status-publish","format-standard","has-post-thumbnail","hentry","category-sosyal-bilimler-dersleri"],"_links":{"self":[{"href":"https:\/\/www.sorumatix.com\/blog\/wp-json\/wp\/v2\/posts\/3346","targetHints":{"allow":["GET"]}}],"collection":[{"href":"https:\/\/www.sorumatix.com\/blog\/wp-json\/wp\/v2\/posts"}],"about":[{"href":"https:\/\/www.sorumatix.com\/blog\/wp-json\/wp\/v2\/types\/post"}],"author":[{"embeddable":true,"href":"https:\/\/www.sorumatix.com\/blog\/wp-json\/wp\/v2\/users\/1"}],"replies":[{"embeddable":true,"href":"https:\/\/www.sorumatix.com\/blog\/wp-json\/wp\/v2\/comments?post=3346"}],"version-history":[{"count":0,"href":"https:\/\/www.sorumatix.com\/blog\/wp-json\/wp\/v2\/posts\/3346\/revisions"}],"wp:featuredmedia":[{"embeddable":true,"href":"https:\/\/www.sorumatix.com\/blog\/wp-json\/wp\/v2\/media\/3328"}],"wp:attachment":[{"href":"https:\/\/www.sorumatix.com\/blog\/wp-json\/wp\/v2\/media?parent=3346"}],"wp:term":[{"taxonomy":"category","embeddable":true,"href":"https:\/\/www.sorumatix.com\/blog\/wp-json\/wp\/v2\/categories?post=3346"},{"taxonomy":"post_tag","embeddable":true,"href":"https:\/\/www.sorumatix.com\/blog\/wp-json\/wp\/v2\/tags?post=3346"}],"curies":[{"name":"wp","href":"https:\/\/api.w.org\/{rel}","templated":true}]}}