{"id":3994,"date":"2023-12-14T10:05:28","date_gmt":"2023-12-14T10:05:28","guid":{"rendered":"https:\/\/www.sorumatix.com\/blog\/?p=3994"},"modified":"2023-12-14T10:05:28","modified_gmt":"2023-12-14T10:05:28","slug":"ic-mimarlik-4-yillik-bolumu","status":"publish","type":"post","link":"https:\/\/www.sorumatix.com\/blog\/ic-mimarlik-4-yillik-bolumu.html","title":{"rendered":"\u0130\u00e7 Mimarl\u0131k (4 Y\u0131ll\u0131k) B\u00f6l\u00fcm\u00fc"},"content":{"rendered":"<p><center><iframe loading=\"lazy\" width=\"560\" height=\"315\" src=\"https:\/\/www.youtube.com\/embed\/Pr_hvLKDEMg\" title=\"YouTube video player\" frameborder=\"0\" allow=\"accelerometer; autoplay; clipboard-write; encrypted-media; gyroscope; picture-in-picture; web-share\" allowfullscreen><\/iframe><\/center><html><head><\/head><body><\/p>\n<p>\u0130\u00e7 Mimarl\u0131k: Yarat\u0131c\u0131l\u0131\u011f\u0131n Estetikle Bulu\u015ftu\u011fu Bir D\u00fcnya<\/p>\n<p>Giri\u015f:<\/p>\n<p>\u0130\u00e7 mimarl\u0131k, mek\u00e2nlar\u0131 i\u015flevsel, estetik ve kullan\u0131c\u0131 odakl\u0131 bir \u015fekilde tasarlamay\u0131 hedefleyen heyecan verici bir disiplindir. Bu 4 y\u0131ll\u0131k \u00fcniversite b\u00f6l\u00fcm\u00fc, \u00f6\u011frencilere tasar\u0131m yeteneklerini geli\u015ftirme, farkl\u0131 malzemelerin kullan\u0131m\u0131n\u0131 \u00f6\u011frenme ve mek\u00e2nlar\u0131 etkileyici ve anlaml\u0131 bir bi\u00e7imde d\u00f6n\u00fc\u015ft\u00fcrme becerisi kazand\u0131r\u0131r. \u0130\u00e7 mimarl\u0131k alan\u0131nda lisans e\u011fitimi almay\u0131 d\u00fc\u015f\u00fcnen gen\u00e7ler i\u00e7in bu makale, temel bilgilendirme sa\u011flayacak ve kariyer f\u0131rsatlar\u0131n\u0131n yan\u0131 s\u0131ra mesle\u011fin gelecekteki projeksiyonlar\u0131na da \u0131\u015f\u0131k tutacakt\u0131r.<\/p>\n<p>1. \u0130\u00e7 Mimarl\u0131k B\u00f6l\u00fcm\u00fc Nedir?<\/p>\n<p>\u0130\u00e7 mimarl\u0131k b\u00f6l\u00fcm\u00fc, \u00f6\u011frencilere i\u00e7 mek\u00e2nlar\u0131n planlanmas\u0131, tasar\u0131m\u0131 ve dekorasyonu konusunda kapsaml\u0131 bir e\u011fitim sunar. Bu b\u00f6l\u00fcmde \u00f6\u011frenciler, mek\u00e2nsal d\u00fczenlemeleri yaparak kullan\u0131c\u0131 ihtiya\u00e7lar\u0131n\u0131 kar\u015f\u0131layacak fonksiyonel ve estetik mek\u00e2nlar olu\u015fturman\u0131n yan\u0131 s\u0131ra renk, \u0131\u015f\u0131k, malzeme ve mobilya gibi unsurlar\u0131 da etkili bir \u015fekilde kullanmay\u0131 \u00f6\u011frenirler.<\/p>\n<p>2. \u0130\u00e7 Mimarl\u0131k B\u00f6l\u00fcm\u00fcnde Yer Alan Dersler<\/p>\n<p>\u0130\u00e7 mimarl\u0131k b\u00f6l\u00fcm\u00fcnde \u00f6\u011frencilere \u00e7e\u015fitli dersler sunulur. Bu dersler, \u00f6\u011frencilerin tasar\u0131m becerilerini geli\u015ftirmelerine ve mek\u00e2nlar\u0131n farkl\u0131 y\u00f6nlerini anlamalar\u0131na yard\u0131mc\u0131 olur. A\u015fa\u011f\u0131da, i\u00e7 mimarl\u0131k b\u00f6l\u00fcm\u00fcnde yer alabilecek derslerden baz\u0131lar\u0131 bulunmaktad\u0131r:<\/p>\n<p>&#8211; Temel Tasar\u0131m: G\u00f6rsel ve mek\u00e2nsal alg\u0131y\u0131 anlamak i\u00e7in temel prensipleri \u00f6\u011frenme.<\/p>\n<p>&#8211; \u0130\u00e7 Mek\u00e2n Tasar\u0131m\u0131: \u0130\u00e7 mek\u00e2n planlama ve tasar\u0131m\u0131nda kullan\u0131lan temel stratejilerin \u00f6\u011frenilmesi.<\/p>\n<p>&#8211; Renk Teorisi ve Uygulamas\u0131: Renklerin psikolojik etkilerini ve i\u00e7 mek\u00e2nlarda nas\u0131l kullan\u0131labilece\u011fini anlama.<\/p>\n<p>&#8211; Malzeme Bilimi: Farkl\u0131 malzemeleri tan\u0131ma, se\u00e7me ve uygulama becerilerinin kazan\u0131lmas\u0131.<\/p>\n<p>&#8211; Ayd\u0131nlatma Tasar\u0131m\u0131: I\u015f\u0131kland\u0131rman\u0131n i\u00e7 mek\u00e2nlardaki etkisini anlama ve ayd\u0131nlatma planlama becerilerinin geli\u015ftirilmesi.<\/p>\n<p>&#8211; G\u00f6rsel \u0130leti\u015fim: Tasar\u0131mlar\u0131 sunmak i\u00e7in grafik ve g\u00f6rsel ileti\u015fim ara\u00e7lar\u0131n\u0131n kullan\u0131m\u0131n\u0131n \u00f6\u011frenilmesi.<\/p>\n<p>&#8211; Proje Y\u00f6netimi: \u0130\u00e7 mimarl\u0131k projelerinin zaman\u0131nda ve b\u00fct\u00e7eyle y\u00f6netilmesinin temel prensiplerinin \u00f6\u011frenilmesi.<\/p>\n<p>Bu dersler, \u00f6\u011frencilere geni\u015f bir perspektif sunarak onlar\u0131 i\u00e7 mimarl\u0131k alan\u0131nda ba\u015far\u0131l\u0131 k\u0131lmak i\u00e7in gerekli becerileri kazand\u0131r\u0131r.<\/p>\n<p>3. \u0130\u00e7 Mimarl\u0131k Mezunlar\u0131 \u0130\u00e7in Kariyer F\u0131rsatlar\u0131<\/p>\n<p>\u0130\u00e7 mimarl\u0131k mezunlar\u0131, \u00e7e\u015fitli kariyer f\u0131rsatlar\u0131na sahiptirler. Mezun olduktan sonra \u00e7al\u0131\u015fabilecekleri baz\u0131 alanlar \u015funlard\u0131r:<\/p>\n<p>&#8211; \u0130\u00e7 Mimar: \u00d6zel veya kurumsal m\u00fc\u015fteriler i\u00e7in i\u00e7 mek\u00e2n tasar\u0131mlar\u0131 yapma.<\/p>\n<p>&#8211; Tasar\u0131m St\u00fcdyosu Profesyoneli: Mimarl\u0131k veya i\u00e7 mek\u00e2n tasar\u0131m st\u00fcdyolar\u0131nda \u00e7al\u0131\u015farak projelerde yer alma.<\/p>\n<p>&#8211; Proje Y\u00f6neticisi: \u0130\u00e7 mek\u00e2n projelerinizaman\u0131nda ve b\u00fct\u00e7eyle y\u00f6netme sorumlulu\u011funu \u00fcstlenme.<\/p>\n<p>&#8211; Mobilya Tasar\u0131mc\u0131s\u0131: \u00d6zg\u00fcn ve i\u015flevsel mobilya tasar\u0131mlar\u0131 yapma.<\/p>\n<p>&#8211; G\u00f6rsel Sunum Uzman\u0131: \u0130\u00e7 mek\u00e2n tasar\u0131mlar\u0131n\u0131 m\u00fc\u015fterilere etkileyici sunumlarla g\u00f6rselle\u015ftirme.<\/p>\n<p>&#8211; Sergi Tasar\u0131mc\u0131s\u0131: Sergi ve fuar alanlar\u0131n\u0131n i\u00e7 mek\u00e2n tasar\u0131mlar\u0131n\u0131 yapma.<\/p>\n<p>&#8211; Konut veya Ticari Mek\u00e2n Tasar\u0131mc\u0131s\u0131: Konut veya ticari alanlarda kullan\u0131c\u0131 ihtiya\u00e7lar\u0131na uygun tasar\u0131mlar olu\u015fturma.<\/p>\n<p>4. Meslek ve Gelecek Projeksiyonlar\u0131<\/p>\n<p>\u0130\u00e7 mimarl\u0131k, s\u00fcrekli geli\u015fen bir aland\u0131r ve gelecekteki projeksiyonlar\u0131 umut vaat etmektedir. G\u00fcn\u00fcm\u00fczde artan n\u00fcfus, yap\u0131 sekt\u00f6r\u00fcndeki b\u00fcy\u00fcme ve insanlar\u0131n mek\u00e2nlara olan talebi, i\u00e7 mimarlar\u0131n \u00f6nemini art\u0131rmaktad\u0131r. Genel olarak, i\u00e7 mimarl\u0131k mezunlar\u0131n\u0131n istihdam olanaklar\u0131 olduk\u00e7a geni\u015ftir ve bu trendin gelecekte de devam etmesi beklenmektedir.<\/p>\n<p>Ayr\u0131ca, s\u00fcrd\u00fcr\u00fclebilirlik ve ye\u015fil tasar\u0131m ilkelerine olan talep artmaktad\u0131r. \u0130\u00e7 mimarl\u0131k mesle\u011fi, enerji verimlili\u011fi, do\u011fal malzemelerin kullan\u0131m\u0131 ve \u00e7evresel etkilerin azalt\u0131lmas\u0131 gibi s\u00fcrd\u00fcr\u00fclebilirlik prensiplerinin uygulanmas\u0131na katk\u0131da bulunabilir. B\u00f6ylece, i\u00e7 mimarl\u0131k mezunlar\u0131 gelecekteki projelerde bu alanlarda uzmanla\u015farak de\u011ferli bir rol \u00fcstlenebilirler.<\/p>\n<p>5. Mesle\u011fin Zorluk Derecesi ve Sorumluluklar\u0131<\/p>\n<p>\u0130\u00e7 mimarl\u0131k mesle\u011fi, yarat\u0131c\u0131 becerilerin yan\u0131 s\u0131ra teknik bilgi, planlama yetene\u011fi ve ileti\u015fim becerilerini gerektiren bir meslektir. \u0130\u00e7 mimarlar, m\u00fc\u015fterilerin beklentilerini anlamak, b\u00fct\u00e7e ve zaman k\u0131s\u0131tlamalar\u0131yla ba\u015fa \u00e7\u0131kmak, projeleri takip etmek ve i\u015fbirli\u011fi yapmak gibi bir dizi zorlukla kar\u015f\u0131la\u015fabilirler.<\/p>\n<p>Ayr\u0131ca, i\u00e7 mimarlar mek\u00e2nlar\u0131n kullan\u0131c\u0131 ihtiya\u00e7lar\u0131na uygun olmas\u0131n\u0131 sa\u011flamakla sorumludur. Estetik a\u00e7\u0131dan etkileyici tasar\u0131mlar\u0131n yan\u0131 s\u0131ra fonksiyonel ve ergonomik \u00e7\u00f6z\u00fcmler sunmal\u0131d\u0131rlar. Ayn\u0131 zamanda g\u00fcvenlik, ula\u015f\u0131labilirlik ve s\u00fcrd\u00fcr\u00fclebilirlik gibi fakt\u00f6rleri de g\u00f6z \u00f6n\u00fcnde bulundurmal\u0131d\u0131rlar.<\/p>\n<p>6. \u00c7al\u0131\u015fma Olanaklar\u0131 ve Gelir D\u00fczeyleri<\/p>\n<p>\u0130\u00e7 mimarl\u0131k mezunlar\u0131, kendi tasar\u0131m firmalar\u0131n\u0131 kurabilir, mimarl\u0131k veya tasar\u0131m st\u00fcdyolar\u0131nda \u00e7al\u0131\u015fabilir veya serbest dan\u0131\u015fmanl\u0131k yapabilirler. \u0130\u015f olanaklar\u0131, mezunlar\u0131n deneyimlerine, uzmanl\u0131k alanlar\u0131na ve b\u00f6lgesel fakt\u00f6rlere ba\u011fl\u0131 olarak de\u011fi\u015febilir.<\/p>\n<p>Gelir d\u00fczeyleri de benzer \u015fekilde de\u011fi\u015fiklik g\u00f6sterebilir. \u0130\u00e7 mimarl\u0131k mesle\u011fi genellikle rekabet\u00e7i bir aland\u0131r ve ba\u015flang\u0131\u00e7ta daha d\u00fc\u015f\u00fck gelirlerle ba\u015flayabilir. Ancak deneyim kazand\u0131k\u00e7a ve tan\u0131n\u0131rl\u0131k artt\u0131k\u00e7a gelir seviyeleri y\u00fckselme e\u011filimi g\u00f6sterir. Ayr\u0131ca, b\u00fcy\u00fck projelerde yer almak ve prestijli m\u00fc\u015fterilerle \u00e7al\u0131\u015fmak, gelir potansiyelini art\u0131rabilir.<\/p>\n<p>Sonu\u00e7:<\/p>\n<p>\u0130\u00e7 mimarl\u0131k, mek\u00e2nlar\u0131n i\u015flevsel, estetik ve kullan\u0131c\u0131 odakl\u0131 bir \u015fekilde tasarlanmas\u0131yla ilgilenen heyecan verici bir disiplindir. \u0130\u00e7 mimarl\u0131k b\u00f6l\u00fcm\u00fcnde \u00f6\u011frencilertasar\u0131m becerilerini geli\u015ftirirken, estetik anlay\u0131\u015flar\u0131n\u0131 da derinle\u015ftirirler. Bu b\u00f6l\u00fcmde yer alan \u00e7e\u015fitli dersler, \u00f6\u011frencilere mek\u00e2nlar\u0131 etkileyici bir \u015fekilde d\u00f6n\u00fc\u015ft\u00fcrme yetene\u011fi kazand\u0131r\u0131r. \u0130\u00e7 mimarl\u0131k mezunlar\u0131, \u00e7e\u015fitli kariyer f\u0131rsatlar\u0131na sahip olup i\u00e7 mimar, tasar\u0131m st\u00fcdyosu profesyoneli, proje y\u00f6neticisi, mobilya tasar\u0131mc\u0131s\u0131, g\u00f6rsel sunum uzman\u0131 veya sergi tasar\u0131mc\u0131s\u0131 gibi alanlarda \u00e7al\u0131\u015fabilirler.<\/p>\n<p>Gelecekte i\u00e7 mimarl\u0131k mesle\u011finin projeksiyonlar\u0131 olduk\u00e7a umut vaat ediyor. Artan n\u00fcfus ve yap\u0131 sekt\u00f6r\u00fcndeki b\u00fcy\u00fcme, i\u00e7 mimarlara olan talebi art\u0131r\u0131yor. Ayr\u0131ca, s\u00fcrd\u00fcr\u00fclebilirlik ve ye\u015fil tasar\u0131m ilkelerine olan ilgi de i\u00e7 mimarl\u0131k mezunlar\u0131na yeni f\u0131rsatlar sunuyor.<\/p>\n<p>\u0130\u00e7 mimarl\u0131k mesle\u011fi baz\u0131 zorluklar\u0131 beraberinde getirebilir. \u0130\u00e7 mimarlar, m\u00fc\u015fteri beklentilerini kar\u015f\u0131lamak i\u00e7in zaman ve b\u00fct\u00e7e k\u0131s\u0131tlamalar\u0131yla ba\u015fa \u00e7\u0131kmal\u0131, planlama yeteneklerini kullanmal\u0131 ve ileti\u015fim becerilerini etkin bir \u015fekilde kullanmal\u0131d\u0131r. Ayr\u0131ca, fonksiyonellik, estetik, g\u00fcvenlik ve s\u00fcrd\u00fcr\u00fclebilirlik gibi fakt\u00f6rleri dengelemek de i\u00e7 mimarlar\u0131n sorumlulu\u011fundad\u0131r.<\/p>\n<p><center><img decoding=\"async\" src=\"https:\/\/www.sorumatix.com\/blog\/wp-content\/uploads\/2023\/10\/uploaded-image-ic-mimarlik-4-yillik-bolumu-1696275128154.png\" title=\"\u0130\u00e7 Mimarl\u0131k (4 Y\u0131ll\u0131k) B\u00f6l\u00fcm\u00fc \" alt=\"\u0130\u00e7 Mimarl\u0131k (4 Y\u0131ll\u0131k) B\u00f6l\u00fcm\u00fc \"><\/center><\/p>\n<p>\u00c7al\u0131\u015fma olanaklar\u0131, mezunlar\u0131n deneyimlerine ve uzmanl\u0131k alanlar\u0131na ba\u011fl\u0131 olarak farkl\u0131l\u0131k g\u00f6sterebilir. \u0130\u00e7 mimarlar kendi firmalar\u0131n\u0131 kurabilir, tasar\u0131m st\u00fcdyolar\u0131nda \u00e7al\u0131\u015fabilir veya serbest dan\u0131\u015fmanl\u0131k yapabilirler. Gelir d\u00fczeyleri ise mezunlar\u0131n deneyimine, m\u00fc\u015fteri a\u011f\u0131na ve projelerin b\u00fcy\u00fckl\u00fc\u011f\u00fcne ba\u011fl\u0131 olarak de\u011fi\u015fiklik g\u00f6sterir.<\/p>\n<p>Sonu\u00e7 olarak, i\u00e7 mimarl\u0131k b\u00f6l\u00fcm\u00fc, mek\u00e2nlar\u0131 yarat\u0131c\u0131 bir \u015fekilde planlayarak estetik ve i\u015flevsel \u00e7\u00f6z\u00fcmler sunmay\u0131 hedefleyen bir disiplindir. Bu b\u00f6l\u00fcmde e\u011fitim alan \u00f6\u011frenciler, tasar\u0131m becerilerini geli\u015ftirerek \u00e7e\u015fitli kariyer f\u0131rsatlar\u0131na sahip olurlar. \u0130\u00e7 mimarl\u0131k mezunlar\u0131, gelecekteki projeksiyonlarla birlikte s\u00fcrd\u00fcr\u00fclebilirlik ve ye\u015fil tasar\u0131m gibi alanlarda da \u00f6nemli bir rol oynayacaklard\u0131r.<\/p>\n<p><\/body><\/html><\/p>\n","protected":false},"excerpt":{"rendered":"<p>\u0130\u00e7 Mimarl\u0131k: Yarat\u0131c\u0131l\u0131\u011f\u0131n Estetikle Bulu\u015ftu\u011fu Bir D\u00fcnya Giri\u015f: \u0130\u00e7 mimarl\u0131k, mek\u00e2nlar\u0131 i\u015flevsel, estetik ve kullan\u0131c\u0131 odakl\u0131 bir \u015fekilde tasarlamay\u0131 hedefleyen<\/p>\n","protected":false},"author":1,"featured_media":3991,"comment_status":"open","ping_status":"open","sticky":false,"template":"","format":"standard","meta":{"colormag_page_container_layout":"default_layout","colormag_page_sidebar_layout":"default_layout","footnotes":""},"categories":[4],"tags":[],"class_list":["post-3994","post","type-post","status-publish","format-standard","has-post-thumbnail","hentry","category-ders-calisma-tuyolari"],"_links":{"self":[{"href":"https:\/\/www.sorumatix.com\/blog\/wp-json\/wp\/v2\/posts\/3994","targetHints":{"allow":["GET"]}}],"collection":[{"href":"https:\/\/www.sorumatix.com\/blog\/wp-json\/wp\/v2\/posts"}],"about":[{"href":"https:\/\/www.sorumatix.com\/blog\/wp-json\/wp\/v2\/types\/post"}],"author":[{"embeddable":true,"href":"https:\/\/www.sorumatix.com\/blog\/wp-json\/wp\/v2\/users\/1"}],"replies":[{"embeddable":true,"href":"https:\/\/www.sorumatix.com\/blog\/wp-json\/wp\/v2\/comments?post=3994"}],"version-history":[{"count":1,"href":"https:\/\/www.sorumatix.com\/blog\/wp-json\/wp\/v2\/posts\/3994\/revisions"}],"predecessor-version":[{"id":5116,"href":"https:\/\/www.sorumatix.com\/blog\/wp-json\/wp\/v2\/posts\/3994\/revisions\/5116"}],"wp:featuredmedia":[{"embeddable":true,"href":"https:\/\/www.sorumatix.com\/blog\/wp-json\/wp\/v2\/media\/3991"}],"wp:attachment":[{"href":"https:\/\/www.sorumatix.com\/blog\/wp-json\/wp\/v2\/media?parent=3994"}],"wp:term":[{"taxonomy":"category","embeddable":true,"href":"https:\/\/www.sorumatix.com\/blog\/wp-json\/wp\/v2\/categories?post=3994"},{"taxonomy":"post_tag","embeddable":true,"href":"https:\/\/www.sorumatix.com\/blog\/wp-json\/wp\/v2\/tags?post=3994"}],"curies":[{"name":"wp","href":"https:\/\/api.w.org\/{rel}","templated":true}]}}