{"id":4100,"date":"2024-02-02T01:45:28","date_gmt":"2024-02-02T01:45:28","guid":{"rendered":"https:\/\/www.sorumatix.com\/blog\/?p=4100"},"modified":"2024-02-02T01:45:28","modified_gmt":"2024-02-02T01:45:28","slug":"alman-dili-ve-edebiyati-4-yillik-bolumu","status":"publish","type":"post","link":"https:\/\/www.sorumatix.com\/blog\/alman-dili-ve-edebiyati-4-yillik-bolumu.html","title":{"rendered":"Alman Dili ve Edebiyat\u0131 (4 Y\u0131ll\u0131k) B\u00f6l\u00fcm\u00fc"},"content":{"rendered":"<p><center><iframe loading=\"lazy\" width=\"560\" height=\"315\" src=\"https:\/\/www.youtube.com\/embed\/6gdJWEryUoE\" title=\"YouTube video player\" frameborder=\"0\" allow=\"accelerometer; autoplay; clipboard-write; encrypted-media; gyroscope; picture-in-picture; web-share\" allowfullscreen><\/iframe><\/center><html><head><\/head><body><\/p>\n<p>Alman Dili ve Edebiyat\u0131 (4 Y\u0131ll\u0131k) B\u00f6l\u00fcm\u00fc: Kariyer F\u0131rsatlar\u0131 ve Mezunlar\u0131n Gelece\u011fi<\/p>\n<p>Giri\u015f:<\/p>\n<p>Alman Dili ve Edebiyat\u0131 (4 Y\u0131ll\u0131k) B\u00f6l\u00fcm\u00fc, dilbilim ve edebiyat alanlar\u0131nda uzmanla\u015fmak isteyen \u00f6\u011frencilere geni\u015f bir akademik perspektif sunar. Bu b\u00f6l\u00fcm, Alman k\u00fclt\u00fcr\u00fcne, diline ve edebiyat\u0131na ilgi duyan \u00f6\u011frenciler i\u00e7in ideal bir se\u00e7enektir. Bu makalede, Alman Dili ve Edebiyat\u0131 (4 Y\u0131ll\u0131k) B\u00f6l\u00fcm\u00fcn\u00fcn temel olarak a\u00e7\u0131klanmas\u0131 ile ilgili bilgilendirme yapaca\u011f\u0131z.<\/p>\n<p>1. Alman Dili ve Edebiyat\u0131 (4 Y\u0131ll\u0131k) B\u00f6l\u00fcm\u00fc Nedir?<\/p>\n<p>Alman Dili ve Edebiyat\u0131 (4 Y\u0131ll\u0131k) B\u00f6l\u00fcm\u00fc, \u00f6\u011frencilere Alman dili, edebiyat\u0131, k\u00fclt\u00fcr\u00fc ve dilbilim konular\u0131nda derinlemesine bir e\u011fitim sunar. Bu program, \u00f6\u011frencilerin Almanca dil becerilerini geli\u015ftirmelerini, Alman edebiyat\u0131n\u0131n \u00f6nemli eserlerini incelemelerini ve Alman k\u00fclt\u00fcr\u00fc hakk\u0131nda anlay\u0131\u015f kazanmalar\u0131n\u0131 sa\u011flar.<\/p>\n<p>2. B\u00f6l\u00fcmdeki Dersler Nelerdir?<\/p>\n<p>Alman Dili ve Edebiyat\u0131 (4 Y\u0131ll\u0131k) B\u00f6l\u00fcm\u00fcnde \u00e7e\u015fitli dersler sunulmaktad\u0131r. Bunlar aras\u0131nda Alman dili ve grameri, Alman edebiyat\u0131 tarihi, \u00e7a\u011fda\u015f Alman edebiyat\u0131, dilbilim, Alman k\u00fclt\u00fcr\u00fc ve sanat\u0131 gibi konular yer al\u0131r. Ayr\u0131ca, \u00e7o\u011fu program, \u00f6\u011frencilere Almanca dil becerilerini pratik yapma f\u0131rsat\u0131 sunan dil laboratuvarlar\u0131 veya at\u00f6lye \u00e7al\u0131\u015fmalar\u0131na da sahiptir.<\/p>\n<p><center><img decoding=\"async\" src=\"https:\/\/www.sorumatix.com\/blog\/wp-content\/uploads\/2023\/10\/uploaded-image-alman-dili-ve-edebiyati-4-yillik-bolumu-1696275200694.jpg\" title=\"Alman Dili ve Edebiyat\u0131 (4 Y\u0131ll\u0131k) B\u00f6l\u00fcm\u00fc \" alt=\"Alman Dili ve Edebiyat\u0131 (4 Y\u0131ll\u0131k) B\u00f6l\u00fcm\u00fc \"><\/center><\/p>\n<p>3. Kariyer F\u0131rsatlar\u0131<\/p>\n<p>Alman Dili ve Edebiyat\u0131 (4 Y\u0131ll\u0131k) B\u00f6l\u00fcm\u00fcnden mezun olanlar, geni\u015f bir meslek yelpazesinde ba\u015far\u0131l\u0131 bir kariyere sahip olabilirler. \u0130\u015f d\u00fcnyas\u0131nda, turizm sekt\u00f6r\u00fcnde, uluslararas\u0131 ili\u015fkilerde, e\u011fitimde, \u00e7eviri ve yay\u0131nc\u0131l\u0131k alanlar\u0131nda istihdam edilebilirler. Ayr\u0131ca, k\u00fclt\u00fcrel kurumlar, medya \u015firketleri ve uluslararas\u0131 organizasyonlar gibi kurulu\u015flarda da \u00e7al\u0131\u015fma imkan\u0131 bulunmaktad\u0131r.<\/p>\n<p>4. Mezunlar\u0131n Gelece\u011fi ve Ara\u015ft\u0131rmalar<\/p>\n<p>Alman Dili ve Edebiyat\u0131 (4 Y\u0131ll\u0131k) B\u00f6l\u00fcm\u00fcnden mezun olanlar i\u00e7in gelecek projeksiyonlar\u0131 olumlu g\u00f6r\u00fcnmektedir. K\u00fcreselle\u015fme ve uluslararas\u0131 ili\u015fkilerin giderek artmas\u0131yla birlikte, Almanca bilen profesyonellere olan talep de artmaktad\u0131r. \u00d6zellikle uluslararas\u0131 \u015firketler, turizm sekt\u00f6r\u00fc ve diplomatik ili\u015fkiler gibi alanlarda Almanca bilen mezunlara ihtiya\u00e7 duyulmaktad\u0131r.<\/p>\n<p>5. Zorluk Derecesi ve Sorumluluklar<\/p>\n<p>Alman Dili ve Edebiyat\u0131 (4 Y\u0131ll\u0131k) B\u00f6l\u00fcm\u00fc, yo\u011fun bir \u00e7al\u0131\u015fma gerektiren bir programd\u0131r. \u00d6\u011frenciler, dilbilgisi, \u00e7eviri, ele\u015ftirel d\u00fc\u015f\u00fcnme ve analitik becerilerini geli\u015ftirirken, edebiyat\u0131n derinliklerine inerler. Bu b\u00f6l\u00fcmdeki \u00f6\u011frenciler, d\u00fc\u015f\u00fcnce ve analiz yeteneklerini kullanarak edebi metinleri anlamland\u0131rmak ve yorumlamakla sorumludur.<\/p>\n<p>6. Gelir D\u00fczeyleri<\/p>\n<p>Alman Dili ve Edebiyat\u0131 (4 Y\u0131ll\u0131k) B\u00f6l\u00fcm\u00fcnd\u00fc mezun olanlar i\u00e7in gelir d\u00fczeyleri genellikle i\u015fin niteli\u011fine ve deneyime ba\u011fl\u0131d\u0131r. \u0130lk ba\u015fta, yeni mezunlar genellikle daha d\u00fc\u015f\u00fck bir maa\u015fla ba\u015flarlar, ancak deneyim kazand\u0131k\u00e7a ve kariyerlerini ilerlettik\u00e7e gelirleri artar.<\/p>\n<p>\u00d6rne\u011fin, \u00e7eviri veya dil \u00f6\u011fretmenli\u011fi gibi alanlarda \u00e7al\u0131\u015fan Alman Dili ve Edebiyat\u0131 mezunlar\u0131 genellikle serbest meslek olarak ya da \u00e7e\u015fitli kurum ve kurulu\u015flarda \u00e7al\u0131\u015fabilirler. Bu durumda, gelir seviyeleri m\u00fc\u015fteri portf\u00f6y\u00fcne ve proje hacmine ba\u011fl\u0131 olarak de\u011fi\u015febilir.<\/p>\n<p>Ayr\u0131ca, uluslararas\u0131 \u015firketlerde veya k\u00fclt\u00fcrel kurumlarda \u00e7al\u0131\u015fan mezunlar i\u00e7in gelir d\u00fczeyi daha y\u00fcksek olabilir. \u00d6zellikle, b\u00fcy\u00fck \u015fehirlerdeki i\u015f f\u0131rsatlar\u0131 ve talep, gelir potansiyelini art\u0131rabilir. Ancak, bu fakt\u00f6rlerin yan\u0131 s\u0131ra di\u011fer etmenler de geliri etkileyebilir, bu nedenle kesin bir gelir tahmini vermek zordur.<\/p>\n<p>Sonu\u00e7 olarak, Alman Dili ve Edebiyat\u0131 (4 Y\u0131ll\u0131k) B\u00f6l\u00fcm\u00fc, dil, edebiyat ve k\u00fclt\u00fcr konular\u0131na ilgi duyan \u00f6\u011frenciler i\u00e7in heyecan verici bir se\u00e7enektir. Mezunlar geni\u015f bir kariyer yelpazesine sahip olabilirler ve i\u015f f\u0131rsatlar\u0131 gelecekte de devam edecektir. Ancak, b\u00f6l\u00fcmdeki \u00e7al\u0131\u015fmalar\u0131n zorlu\u011fu ve sorumluluklar\u0131 da g\u00f6z ard\u0131 edilmemelidir. Mezunlar\u0131n ba\u015far\u0131l\u0131 bir kariyere ula\u015fmalar\u0131 i\u00e7in s\u00fcrekli olarak kendilerini geli\u015ftirmeleri ve sekt\u00f6rdeki de\u011fi\u015fimleri takip etmeleri \u00f6nemlidir.Alman Dili ve Edebiyat\u0131 (4 Y\u0131ll\u0131k) B\u00f6l\u00fcm\u00fc, \u00f6\u011frencilere dil becerilerini geli\u015ftirme ve k\u00fclt\u00fcrel anlay\u0131\u015flar\u0131n\u0131 derinle\u015ftirme f\u0131rsat\u0131 sunar. Bu b\u00f6l\u00fcmde okuyacak olan \u00f6\u011frenciler, Alman edebiyat\u0131n\u0131n \u00f6nemli eserlerini inceleyerek edebi analiz yapma becerilerini geli\u015ftirirler. Ayn\u0131 zamanda dilbilim alan\u0131nda da bilgi sahibi olurlar ve Almanca dilinin yap\u0131sal \u00f6zellikleri hakk\u0131nda derinlemesine bir anlay\u0131\u015fa sahip olurlar.<\/p>\n<p>Alman Dili ve Edebiyat\u0131 (4 Y\u0131ll\u0131k) B\u00f6l\u00fcm\u00fcnden mezun olanlar, \u00e7e\u015fitli kariyer yollar\u0131na girebilirler. \u0130\u015f d\u00fcnyas\u0131nda, \u00f6zellikle uluslararas\u0131 \u015firketlerde dil becerisi ve k\u00fclt\u00fcrel anlay\u0131\u015flar\u0131 nedeniyle tercih edilen adaylar haline gelirler. \u0130\u015fverenler, Almanca bilen \u00e7al\u0131\u015fanlara k\u00fcresel i\u015f ortamlar\u0131nda ileti\u015fim becerileri, \u00e7eviri hizmetleri ve k\u00fclt\u00fcrel dan\u0131\u015fmanl\u0131k gibi g\u00f6revlerde g\u00fcvenirler.<\/p>\n<p>Bunun yan\u0131 s\u0131ra, e\u011fitim sekt\u00f6r\u00fcnde de \u00e7e\u015fitli kariyer f\u0131rsatlar\u0131 bulunmaktad\u0131r. Almanca \u00f6\u011fretmenli\u011fi yapabilir veya yurt d\u0131\u015f\u0131nda dil \u00f6\u011fretmeni olarak \u00e7al\u0131\u015fma imkan\u0131 elde edebilirler. Almanya&#8217;daki \u00fcniversitelerde akademik kariyer yapma yolunu da tercih edebilirler.<\/p>\n<p>Alman Dili ve Edebiyat\u0131 (4 Y\u0131ll\u0131k) B\u00f6l\u00fcm\u00fcnden mezun olanlar\u0131n gelecekteki istihdam beklentileri olumlu y\u00f6nde ilerlemektedir. K\u00fcreselle\u015fme ve uluslararas\u0131 i\u015fbirliklerinin artmas\u0131, dil becerisine sahip profesyonellerin talebini art\u0131rmaktad\u0131r. \u00d6zellikle k\u00fclt\u00fcr end\u00fcstrisi, turizm sekt\u00f6r\u00fc, medya ve ileti\u015fim alanlar\u0131ndaki i\u015f f\u0131rsatlar\u0131 a\u00e7\u0131s\u0131ndan b\u00fcy\u00fcme beklenmektedir.<\/p>\n<p>Ara\u015ft\u0131rmalar, Almanya&#8217;n\u0131n ekonomik g\u00fcc\u00fcn\u00fcn yan\u0131 s\u0131ra Almanca konu\u015fulan di\u011fer \u00fclkelerde de i\u015f f\u0131rsatlar\u0131n\u0131n oldu\u011funu g\u00f6stermektedir. Avusturya ve \u0130svi\u00e7re gibi Almanca&#8217;n\u0131n yayg\u0131n olarak kullan\u0131ld\u0131\u011f\u0131 b\u00f6lgelerde de dil becerisine sahip mezunlar i\u00e7in i\u015f imkanlar\u0131 bulunmaktad\u0131r.<\/p>\n<p>Ancak, b\u00f6l\u00fcm\u00fcn zorluk derecesi ve sorumluluklar\u0131 da g\u00f6z ard\u0131 edilmemelidir. \u00d6\u011frenciler, yo\u011fun bir \u00e7al\u0131\u015fma temposuyla kar\u015f\u0131la\u015f\u0131rlar ve edebiyat analizi, \u00e7eviri ve dilbilim gibi alanlarda derinlemesine bilgi gerektiren derslere kat\u0131l\u0131rlar. Ayr\u0131ca, \u00f6\u011frencilerin s\u00fcrekli olarak kendilerini geli\u015ftirmeleri, yeni edebi eserleri incelemeleri ve dil becerilerini s\u00fcrd\u00fcrmeleri \u00f6nemlidir.<\/p>\n<p>Gelir d\u00fczeyleri konusunda kesin bir tahmin yapmak zor olsa da, Alman Dili ve Edebiyat\u0131 mezunlar\u0131n\u0131n genellikle rekabet\u00e7i bir \u00fccret alabileceklerini s\u00f6yleyebiliriz. \u0130\u015f deneyimi, uzmanl\u0131k alanlar\u0131 ve i\u015fverenin sekt\u00f6r\u00fc gibi fakt\u00f6rler gelir d\u00fczeylerini etkileyebilir. Ayr\u0131ca, serbest \u00e7al\u0131\u015fanlar i\u00e7in gelirler, m\u00fc\u015fteri portf\u00f6y\u00fc ve proje b\u00fcy\u00fckl\u00fc\u011f\u00fcne ba\u011fl\u0131 olarak de\u011fi\u015febilir.<\/p>\n<p>Sonu\u00e7 olarak, Alman Dili ve Edebiyat\u0131 (4 Y\u0131ll\u0131k) B\u00f6l\u00fcm\u00fc, dilbilim ve edebiyat alan\u0131nda kariyer yapmak isteyen \u00f6\u011frenciler i\u00e7in<\/p>\n<p><\/body><\/html><\/p>\n","protected":false},"excerpt":{"rendered":"<p>Alman Dili ve Edebiyat\u0131 (4 Y\u0131ll\u0131k) B\u00f6l\u00fcm\u00fc: Kariyer F\u0131rsatlar\u0131 ve Mezunlar\u0131n Gelece\u011fi Giri\u015f: Alman Dili ve Edebiyat\u0131 (4 Y\u0131ll\u0131k) B\u00f6l\u00fcm\u00fc,<\/p>\n","protected":false},"author":1,"featured_media":4081,"comment_status":"open","ping_status":"open","sticky":false,"template":"","format":"standard","meta":{"colormag_page_container_layout":"default_layout","colormag_page_sidebar_layout":"default_layout","footnotes":""},"categories":[4],"tags":[],"class_list":["post-4100","post","type-post","status-publish","format-standard","has-post-thumbnail","hentry","category-ders-calisma-tuyolari"],"_links":{"self":[{"href":"https:\/\/www.sorumatix.com\/blog\/wp-json\/wp\/v2\/posts\/4100","targetHints":{"allow":["GET"]}}],"collection":[{"href":"https:\/\/www.sorumatix.com\/blog\/wp-json\/wp\/v2\/posts"}],"about":[{"href":"https:\/\/www.sorumatix.com\/blog\/wp-json\/wp\/v2\/types\/post"}],"author":[{"embeddable":true,"href":"https:\/\/www.sorumatix.com\/blog\/wp-json\/wp\/v2\/users\/1"}],"replies":[{"embeddable":true,"href":"https:\/\/www.sorumatix.com\/blog\/wp-json\/wp\/v2\/comments?post=4100"}],"version-history":[{"count":1,"href":"https:\/\/www.sorumatix.com\/blog\/wp-json\/wp\/v2\/posts\/4100\/revisions"}],"predecessor-version":[{"id":5389,"href":"https:\/\/www.sorumatix.com\/blog\/wp-json\/wp\/v2\/posts\/4100\/revisions\/5389"}],"wp:featuredmedia":[{"embeddable":true,"href":"https:\/\/www.sorumatix.com\/blog\/wp-json\/wp\/v2\/media\/4081"}],"wp:attachment":[{"href":"https:\/\/www.sorumatix.com\/blog\/wp-json\/wp\/v2\/media?parent=4100"}],"wp:term":[{"taxonomy":"category","embeddable":true,"href":"https:\/\/www.sorumatix.com\/blog\/wp-json\/wp\/v2\/categories?post=4100"},{"taxonomy":"post_tag","embeddable":true,"href":"https:\/\/www.sorumatix.com\/blog\/wp-json\/wp\/v2\/tags?post=4100"}],"curies":[{"name":"wp","href":"https:\/\/api.w.org\/{rel}","templated":true}]}}