{"id":4284,"date":"2024-01-02T04:05:28","date_gmt":"2024-01-02T04:05:28","guid":{"rendered":"https:\/\/www.sorumatix.com\/blog\/?p=4284"},"modified":"2024-01-02T04:05:28","modified_gmt":"2024-01-02T04:05:28","slug":"felsefe-grubu-ogretmenligi-4-yillik-bolumu","status":"publish","type":"post","link":"https:\/\/www.sorumatix.com\/blog\/felsefe-grubu-ogretmenligi-4-yillik-bolumu.html","title":{"rendered":"Felsefe Grubu \u00d6\u011fretmenli\u011fi (4 Y\u0131ll\u0131k) B\u00f6l\u00fcm\u00fc"},"content":{"rendered":"<p><center><iframe loading=\"lazy\" width=\"560\" height=\"315\" src=\"https:\/\/www.youtube.com\/embed\/ljzl5WyRsv4\" title=\"YouTube video player\" frameborder=\"0\" allow=\"accelerometer; autoplay; clipboard-write; encrypted-media; gyroscope; picture-in-picture; web-share\" allowfullscreen><\/iframe><\/center><html><head><\/head><body><\/p>\n<p>Felsefe Grubu \u00d6\u011fretmenli\u011fi (4 Y\u0131ll\u0131k) B\u00f6l\u00fcm\u00fc: Kariyer F\u0131rsatlar\u0131 ve Mesle\u011fin Gelece\u011fi<\/p>\n<p>Giri\u015f:<\/p>\n<p>Felsefe, insan\u0131n varolu\u015funu ve d\u00fcnyay\u0131 anlama \u00e7abas\u0131yla ilgili derin d\u00fc\u015f\u00fcnce ve sorgulamalar\u0131n merkezinde yer al\u0131r. Felsefe Grubu \u00d6\u011fretmenli\u011fi (4 Y\u0131ll\u0131k) B\u00f6l\u00fcm\u00fc ise bu de\u011ferli disiplini gelecek nesillere aktarmak ve \u00f6\u011frencilerin ele\u015ftirel d\u00fc\u015f\u00fcnme becerilerini geli\u015ftirmelerine yard\u0131mc\u0131 olmak amac\u0131yla e\u011fitim veren bir \u00fcniversite program\u0131d\u0131r. Bu makalede Felsefe Grubu \u00d6\u011fretmenli\u011fi B\u00f6l\u00fcm\u00fc&#8217;n\u00fcn temel yap\u0131s\u0131n\u0131 ve mezunlar\u0131na sa\u011flad\u0131\u011f\u0131 kariyer f\u0131rsatlar\u0131n\u0131 inceleyece\u011fiz.<\/p>\n<p>1. Felsefe Grubu \u00d6\u011fretmenli\u011fi B\u00f6l\u00fcm\u00fc Nedir?<\/p>\n<p>Felsefe Grubu \u00d6\u011fretmenli\u011fi (4 Y\u0131ll\u0131k) B\u00f6l\u00fcm\u00fc, \u00fcniversitelerin e\u011fitim fak\u00fclteleri b\u00fcnyesinde yer alan bir lisans program\u0131d\u0131r. Bu program, \u00f6\u011frencilere felsefenin temel kavramlar\u0131n\u0131, tarihini ve felsefi d\u00fc\u015f\u00fcncenin \u00f6nemli ak\u0131mlar\u0131n\u0131 \u00f6\u011fretmeyi ama\u00e7lar. Ayr\u0131ca, \u00f6\u011frencilerin ele\u015ftirel d\u00fc\u015f\u00fcnme, analitik beceriler ve problem \u00e7\u00f6zme yeteneklerini geli\u015ftirmelerine yard\u0131mc\u0131 olur.<\/p>\n<p>2. Dersler ve M\u00fcfredat<\/p>\n<p>Felsefe Grubu \u00d6\u011fretmenli\u011fi B\u00f6l\u00fcm\u00fc, genellikle a\u015fa\u011f\u0131daki dersleri i\u00e7eren bir m\u00fcfredata sahiptir:<\/p>\n<p>&#8211; Mant\u0131k ve Bilgi Kuram\u0131<\/p>\n<p>&#8211; Ahlak Felsefesi<\/p>\n<p>&#8211; Metafizik ve Ontoloji<\/p>\n<p>&#8211; Siyaset Felsefesi<\/p>\n<p>&#8211; Fenomenoloji ve Varolu\u015f\u00e7u D\u00fc\u015f\u00fcnce<\/p>\n<p>&#8211; Tarih\u00ee Felsefe Ak\u0131mlar\u0131<\/p>\n<p>&#8211; E\u011fitim Felsefesi<\/p>\n<p>Bu dersler, \u00f6\u011frencilere felsefenin \u00e7e\u015fitli alanlar\u0131 hakk\u0131nda temel bilgiler sunar ve mezunlar\u0131n ilerleyen d\u00f6nemlerde \u00f6\u011fretmenlik yapmalar\u0131na haz\u0131rl\u0131k sa\u011flar.<\/p>\n<p>3. Kariyer F\u0131rsatlar\u0131 ve Gelecek Projeksiyonlar\u0131<\/p>\n<p>Felsefe Grubu \u00d6\u011fretmenli\u011fi B\u00f6l\u00fcm\u00fc mezunlar\u0131na \u00e7e\u015fitli kariyer f\u0131rsatlar\u0131 sunar. Bunlar aras\u0131nda \u015funlar bulunur:<\/p>\n<p>&#8211; Ortaokul ve lise d\u00fczeyinde felsefe \u00f6\u011fretmenli\u011fi<\/p>\n<p>&#8211; \u00d6zel okullarda felsefe \u00f6\u011fretmenli\u011fi<\/p>\n<p>&#8211; Felsefe kul\u00fcpleri veya \u00e7al\u0131\u015ftaylar\u0131n\u0131n y\u00f6netimi<\/p>\n<p><center><img decoding=\"async\" src=\"https:\/\/www.sorumatix.com\/blog\/wp-content\/uploads\/2023\/10\/uploaded-image-felsefe-grubu-ogretmenligi-4-yillik-bolumu-1696275231695.jpg\" title=\"Felsefe Grubu \u00d6\u011fretmenli\u011fi (4 Y\u0131ll\u0131k) B\u00f6l\u00fcm\u00fc \" alt=\"Felsefe Grubu \u00d6\u011fretmenli\u011fi (4 Y\u0131ll\u0131k) B\u00f6l\u00fcm\u00fc \"><\/center><\/p>\n<p>&#8211; Akademik ara\u015ft\u0131rmac\u0131l\u0131k ve y\u00fcksek lisans\/doktora e\u011fitimi<\/p>\n<p>Gelecekte, felsefe grubu \u00f6\u011fretmenlerine olan talebin artmas\u0131 beklenmektedir. Ele\u015ftirel d\u00fc\u015f\u00fcnme ve problem \u00e7\u00f6zme becerilerinin \u00f6nemi giderek daha fazla vurgulanmaktad\u0131r ve bu nedenle felsefe e\u011fitimine olan ihtiya\u00e7 da artacakt\u0131r.<\/p>\n<p>4. Zorluk Derecesi ve Sorumluluklar<\/p>\n<p>Felsefe Grubu \u00d6\u011fretmenli\u011fi B\u00f6l\u00fcm\u00fc mezunlar\u0131, \u00f6\u011frencilere karma\u015f\u0131k felsefi kavramlar\u0131 anlatma ve onlar\u0131 d\u00fc\u015f\u00fcnmeye te\u015fvik etme sorumlulu\u011funu ta\u015f\u0131rlar. Ayr\u0131ca \u00f6\u011frencilerin ele\u015ftirel d\u00fc\u015f\u00fcnme, analitik beceriler ve ahlaki de\u011ferlerini geli\u015ftirmelerine yard\u0131mc\u0131 olurlar. Bu nedenle, b\u00f6l\u00fcm mezunlar\u0131n\u0131n y\u00fcksek bir bilgi birikimi ve ileti\u015fim yetenekleri gerektiren zorlu bir meslek dal\u0131nda \u00e7al\u0131\u015facaklar\u0131n\u0131 belirtmek \u00f6nemlidir. Felsefe Grubu \u00d6\u011fretmenli\u011fi, \u00f6\u011fretmenlerin \u00f6\u011frencileri te\u015fvik etme ve onlar\u0131 d\u00fc\u015f\u00fcnmeye y\u00f6nlendirme g\u00f6revini \u00fcstlenmesi nedeniyle b\u00fcy\u00fck bir sorumluluk gerektirir.<\/p>\n<p>5. \u00c7al\u0131\u015fma Olanaklar\u0131 ve Gelir D\u00fczeyleri<\/p>\n<p>Felsefe Grubu \u00d6\u011fretmenli\u011fi mezunlar\u0131 i\u00e7in \u00e7al\u0131\u015fma olanaklar\u0131 genellikle ortaokul ve lise d\u00fczeyindeki devlet okullar\u0131, \u00f6zel okullar veya kolejlerdir. Ayr\u0131ca, \u00f6zel ders vermek veya felsefe kul\u00fcplerini y\u00f6netmek gibi ek i\u015f imkanlar\u0131 da mevcuttur.<\/p>\n<p>Gelir d\u00fczeyi genellikle bir\u00e7ok fakt\u00f6re ba\u011fl\u0131d\u0131r, ancak genel olarak \u00f6\u011fretmenlik mesle\u011fi rekabet\u00e7i bir maa\u015f sunar. \u00dccretler, \u00e7al\u0131\u015f\u0131lan kuruma, deneyime ve mezun olunan \u00fcniversiteye g\u00f6re de\u011fi\u015febilir. Ayr\u0131ca, y\u00fcksek lisans veya doktora derecesi sahibi olanlar i\u00e7in daha y\u00fcksek maa\u015f olanaklar\u0131 da bulunmaktad\u0131r.<\/p>\n<p>Sonu\u00e7:<\/p>\n<p>Felsefe Grubu \u00d6\u011fretmenli\u011fi B\u00f6l\u00fcm\u00fc, felsefi d\u00fc\u015f\u00fcnceyi gen\u00e7lere aktaran ve onlara ele\u015ftirel d\u00fc\u015f\u00fcnme becerileri kazand\u0131rmay\u0131 ama\u00e7layan bir \u00fcniversite program\u0131d\u0131r. Bu b\u00f6l\u00fcmden mezun olanlar, felsefe \u00f6\u011fretmeni olarak \u00e7al\u0131\u015fma imkan\u0131na sahiptir ve ayn\u0131 zamanda akademik ara\u015ft\u0131rmalar veya y\u00fcksek lisans\/doktora e\u011fitimine y\u00f6nelebilirler.<\/p>\n<p>Gelecekte, felsefe grubu \u00f6\u011fretmenlerine olan talebin artmas\u0131 beklenmektedir. Ele\u015ftirel d\u00fc\u015f\u00fcnme becerilerinin \u00f6nemi giderek daha fazla vurgulanmakta ve felsefe e\u011fitimine olan ihtiya\u00e7 da artmaktad\u0131r. Felsefe Grubu \u00d6\u011fretmenli\u011fi B\u00f6l\u00fcm\u00fc mezunlar\u0131, zorlu bir meslek dal\u0131nda \u00e7al\u0131\u015facaklar\u0131ndan dolay\u0131 y\u00fcksek bir bilgi birikimi ve ileti\u015fim yetenekleri gerektiren bir mesle\u011fe ad\u0131m atacaklard\u0131r.<\/p>\n<p>\u00d6zetle, Felsefe Grubu \u00d6\u011fretmenli\u011fi (4 Y\u0131ll\u0131k) B\u00f6l\u00fcm\u00fc, felsefenin temel kavramlar\u0131n\u0131 anlama ve ele\u015ftirel d\u00fc\u015f\u00fcnme becerilerini geli\u015ftirme amac\u0131yla e\u011fitim veren bir \u00fcniversite program\u0131d\u0131r. Bu b\u00f6l\u00fcm mezunlar\u0131, \u00e7e\u015fitli kariyer f\u0131rsatlar\u0131na sahip olabilirler ve gelecekteki projeksiyonlar\u0131 umut vadeder. Ancak, bu meslek dal\u0131nda \u00e7al\u0131\u015fman\u0131n zorluk derecesi y\u00fcksektir ve b\u00fcy\u00fck bir sorumluluk gerektirir.6. Gelece\u011fe Y\u00f6nelik Projeksiyonlar ve Ara\u015ft\u0131rmalar<\/p>\n<p>Felsefe Grubu \u00d6\u011fretmenli\u011fi B\u00f6l\u00fcm\u00fc mezunlar\u0131 i\u00e7in gelecek projeksiyonlar\u0131 umut vadeden bir tablo \u00e7izmektedir. Ele\u015ftirel d\u00fc\u015f\u00fcnme becerilerinin giderek daha fazla \u00f6nem kazand\u0131\u011f\u0131 bir d\u00fcnyada, felsefe \u00f6\u011fretmenlerine olan talep artmaktad\u0131r. Mezunlar, ilerleyen y\u0131llarda i\u015f bulma konusunda geni\u015f bir yelpazede f\u0131rsatlarla kar\u015f\u0131la\u015fabilirler.<\/p>\n<p>Ara\u015ft\u0131rmalar, ele\u015ftirel d\u00fc\u015f\u00fcnme, analitik beceriler ve problem \u00e7\u00f6zme yetenekleri gibi felsefe e\u011fitimi sa\u011flayan disiplinlerin, i\u015fverenler taraf\u0131ndan aranan yetenekler oldu\u011funu g\u00f6stermektedir. Bu nedenle Felsefe Grubu \u00d6\u011fretmenli\u011fi mezunlar\u0131, sadece \u00f6\u011fretmenlik alan\u0131nda de\u011fil ayn\u0131 zamanda di\u011fer sekt\u00f6rlerde de istihdam edilebilirler. \u0130\u015f d\u00fcnyas\u0131nda, pazarlama, insan kaynaklar\u0131, dan\u0131\u015fmanl\u0131k ve y\u00f6netim gibi alanlarda felsefi d\u00fc\u015f\u00fcnceye dayal\u0131 becerilere ihtiya\u00e7 duyulmaktad\u0131r.<\/p>\n<p>7. Zorluk Derecesi ve Sorumluluklar<\/p>\n<p>Felsefe Grubu \u00d6\u011fretmenli\u011fi mesle\u011fi, zorluk derecesi y\u00fcksek olmas\u0131na ra\u011fmen ayn\u0131 zamanda b\u00fcy\u00fck bir tatmin sa\u011flayan bir meslektir. \u00d6\u011fretmenler, \u00f6\u011frencilerin zorlu felsefi kavramlar\u0131 anlamalar\u0131n\u0131 ve d\u00fc\u015f\u00fcnmelerini sa\u011flamak i\u00e7in \u00e7aba sarf ederler. Bu gereklilik, derinlemesine bilgiye sahip olmay\u0131 ve \u00f6\u011fretme becerilerini ustal\u0131kla kullanmay\u0131 gerektirir.<\/p>\n<p>Ayr\u0131ca, felsefe \u00f6\u011fretmenleri ahlaki de\u011ferleri \u00f6\u011fretmek ve tart\u0131\u015fmak gibi \u00f6nemli sorumluluklar\u0131 da \u00fcstlenirler. \u00d6\u011frencilere etik, adalet ve insan haklar\u0131 gibi konular\u0131 anlatarak onlar\u0131n d\u00fcnya g\u00f6r\u00fc\u015flerini \u015fekillendirmeye yard\u0131mc\u0131 olurlar. Bu nedenle, felsefe \u00f6\u011fretmenleri toplumsal etki yapabilme potansiyeline de sahiptirler.<\/p>\n<p>Sonu\u00e7 olarak, Felsefe Grubu \u00d6\u011fretmenli\u011fi (4 Y\u0131ll\u0131k) B\u00f6l\u00fcm\u00fc, \u00f6\u011frencilere felsefi d\u00fc\u015f\u00fcnme becerilerini kazand\u0131rarak geleceklerini \u015fekillendirmelerine yard\u0131mc\u0131 olan bir e\u011fitim program\u0131d\u0131r. Bu b\u00f6l\u00fcmden mezun olanlar, felsefe \u00f6\u011fretmeni olarak \u00e7al\u0131\u015fabilecekleri gibi farkl\u0131 sekt\u00f6rlerde de ba\u015far\u0131l\u0131 kariyerler yapabilirler. Zorluk derecesi y\u00fcksek olmas\u0131na ra\u011fmen, bu meslek b\u00fcy\u00fck tatmin sa\u011flayan ve toplumsal etki yapabilme potansiyeline sahip bir meslektir.<\/p>\n<p><\/body><\/html><\/p>\n","protected":false},"excerpt":{"rendered":"<p>Felsefe Grubu \u00d6\u011fretmenli\u011fi (4 Y\u0131ll\u0131k) B\u00f6l\u00fcm\u00fc: Kariyer F\u0131rsatlar\u0131 ve Mesle\u011fin Gelece\u011fi Giri\u015f: Felsefe, insan\u0131n varolu\u015funu ve d\u00fcnyay\u0131 anlama \u00e7abas\u0131yla ilgili<\/p>\n","protected":false},"author":1,"featured_media":4282,"comment_status":"open","ping_status":"open","sticky":false,"template":"","format":"standard","meta":{"colormag_page_container_layout":"default_layout","colormag_page_sidebar_layout":"default_layout","footnotes":""},"categories":[4],"tags":[],"class_list":["post-4284","post","type-post","status-publish","format-standard","has-post-thumbnail","hentry","category-ders-calisma-tuyolari"],"_links":{"self":[{"href":"https:\/\/www.sorumatix.com\/blog\/wp-json\/wp\/v2\/posts\/4284","targetHints":{"allow":["GET"]}}],"collection":[{"href":"https:\/\/www.sorumatix.com\/blog\/wp-json\/wp\/v2\/posts"}],"about":[{"href":"https:\/\/www.sorumatix.com\/blog\/wp-json\/wp\/v2\/types\/post"}],"author":[{"embeddable":true,"href":"https:\/\/www.sorumatix.com\/blog\/wp-json\/wp\/v2\/users\/1"}],"replies":[{"embeddable":true,"href":"https:\/\/www.sorumatix.com\/blog\/wp-json\/wp\/v2\/comments?post=4284"}],"version-history":[{"count":1,"href":"https:\/\/www.sorumatix.com\/blog\/wp-json\/wp\/v2\/posts\/4284\/revisions"}],"predecessor-version":[{"id":5239,"href":"https:\/\/www.sorumatix.com\/blog\/wp-json\/wp\/v2\/posts\/4284\/revisions\/5239"}],"wp:featuredmedia":[{"embeddable":true,"href":"https:\/\/www.sorumatix.com\/blog\/wp-json\/wp\/v2\/media\/4282"}],"wp:attachment":[{"href":"https:\/\/www.sorumatix.com\/blog\/wp-json\/wp\/v2\/media?parent=4284"}],"wp:term":[{"taxonomy":"category","embeddable":true,"href":"https:\/\/www.sorumatix.com\/blog\/wp-json\/wp\/v2\/categories?post=4284"},{"taxonomy":"post_tag","embeddable":true,"href":"https:\/\/www.sorumatix.com\/blog\/wp-json\/wp\/v2\/tags?post=4284"}],"curies":[{"name":"wp","href":"https:\/\/api.w.org\/{rel}","templated":true}]}}