{"id":4320,"date":"2023-12-28T15:45:28","date_gmt":"2023-12-28T15:45:28","guid":{"rendered":"https:\/\/www.sorumatix.com\/blog\/?p=4320"},"modified":"2023-12-28T15:45:28","modified_gmt":"2023-12-28T15:45:28","slug":"fransiz-dili-ve-edebiyati-4-yillik-bolumu","status":"publish","type":"post","link":"https:\/\/www.sorumatix.com\/blog\/fransiz-dili-ve-edebiyati-4-yillik-bolumu.html","title":{"rendered":"Frans\u0131z Dili ve Edebiyat\u0131 (4 Y\u0131ll\u0131k) B\u00f6l\u00fcm\u00fc"},"content":{"rendered":"<p><center><iframe loading=\"lazy\" width=\"560\" height=\"315\" src=\"https:\/\/www.youtube.com\/embed\/k9fZxBjc00k\" title=\"YouTube video player\" frameborder=\"0\" allow=\"accelerometer; autoplay; clipboard-write; encrypted-media; gyroscope; picture-in-picture; web-share\" allowfullscreen><\/iframe><\/center><html><head><\/head><body><\/p>\n<p>Frans\u0131z Dili ve Edebiyat\u0131 (4 Y\u0131ll\u0131k) B\u00f6l\u00fcm\u00fc: Bir K\u00fclt\u00fcr ve Dil Ser\u00fcveni<\/p>\n<p>Giri\u015f:<\/p>\n<p>Frans\u0131z Dili ve Edebiyat\u0131 b\u00f6l\u00fcm\u00fc, dilin g\u00fcc\u00fcn\u00fc ve edebiyat\u0131n derinliklerini ke\u015ffetmek isteyen \u00f6\u011frenciler i\u00e7in heyecan verici bir se\u00e7enektir. Bu b\u00f6l\u00fcm, Frans\u0131z k\u00fclt\u00fcr\u00fcne ve edebiyat\u0131na olan ilgiyi derinle\u015ftirmek ve \u00f6\u011frencilere dil becerilerini geli\u015ftirme f\u0131rsat\u0131 sunmak amac\u0131yla tasarlanm\u0131\u015ft\u0131r.<\/p>\n<p>1. Frans\u0131z Dili ve Edebiyat\u0131 B\u00f6l\u00fcm\u00fc Nedir?<\/p>\n<p>Frans\u0131z Dili ve Edebiyat\u0131 b\u00f6l\u00fcm\u00fc, Frans\u0131zca dilini etkin bir \u015fekilde kullanma becerisi kazand\u0131rmay\u0131 hedefleyen disiplinler aras\u0131 bir programd\u0131r. Bu b\u00f6l\u00fcmde \u00f6\u011frenciler, edebiyat eserleri, dilbilgisi, dil tarihi, \u00e7eviri \u00e7al\u0131\u015fmalar\u0131 ve k\u00fclt\u00fcrel analiz gibi konularda derinlemesine bir e\u011fitim al\u0131rlar.<\/p>\n<p>2. B\u00f6l\u00fcmdeki Dersler<\/p>\n<p>Frans\u0131z Dili ve Edebiyat\u0131 b\u00f6l\u00fcm\u00fcnde \u00f6\u011frenciler, geni\u015f bir ders yelpazesinden se\u00e7im yapma imkan\u0131na sahiptir. \u00d6rnek olarak a\u015fa\u011f\u0131daki dersler bu b\u00f6l\u00fcmde yer alabilir:<\/p>\n<p>&#8211; Frans\u0131z Edebiyat\u0131 Tarihi<\/p>\n<p>&#8211; Frans\u0131z K\u00fclt\u00fcr\u00fc ve Medeniyeti<\/p>\n<p>&#8211; Dilbilim ve Dil Felsefesi<\/p>\n<p>&#8211; Edebi \u00c7eviri ve Yorumlama<\/p>\n<p>&#8211; Modern Frans\u0131z Romanlar\u0131<\/p>\n<p>&#8211; 20. Y\u00fczy\u0131l Frans\u0131z \u015eiiri<\/p>\n<p>&#8211; Frans\u0131z Dili ve Dilbilgisinin Temelleri<\/p>\n<p>&#8211; Ele\u015ftirel Okuma ve Yazma Becerileri<\/p>\n<p>Bu dersler, \u00f6\u011frencilere hem dil becerilerini geli\u015ftirme f\u0131rsat\u0131 sunar hem de Frans\u0131z k\u00fclt\u00fcr\u00fc ve edebiyat\u0131n\u0131n \u00e7e\u015fitli y\u00f6nlerini ke\u015ffetmelerini sa\u011flar.<\/p>\n<p>3. Kariyer Olanaklar\u0131 ve Gelecek Projeksiyonlar\u0131<\/p>\n<p>Frans\u0131z Dili ve Edebiyat\u0131 b\u00f6l\u00fcm\u00fcnden mezun olanlar i\u00e7in \u00e7e\u015fitli kariyer f\u0131rsatlar\u0131 mevcuttur. Baz\u0131 potansiyel meslek alanlar\u0131 \u015funlard\u0131r:<\/p>\n<p>&#8211; \u00c7evirmenlik: Frans\u0131zca&#8217;dan ba\u015fka dillere veya di\u011fer dillerden Frans\u0131zcaya \u00e7eviri yapma<\/p>\n<p>&#8211; Diplomatik Hizmetler: Frans\u0131zca bilenler i\u00e7in diplomatik kariyer f\u0131rsatlar\u0131<\/p>\n<p>&#8211; Akademik Kariyer: \u00dcniversitelerde \u00f6\u011fretim g\u00f6revlisi veya ara\u015ft\u0131rmac\u0131 olarak \u00e7al\u0131\u015fma<\/p>\n<p>&#8211; K\u00fclt\u00fcrel Dan\u0131\u015fmanl\u0131k: K\u00fclt\u00fcrel etkinliklerin organizasyonu ve y\u00f6netimi<\/p>\n<p>&#8211; Turizm ve Seyahat Sekt\u00f6r\u00fc: Tur rehberli\u011fi veya uluslararas\u0131 turizm hizmetleri<\/p>\n<p>Gelecekte, k\u00fcreselle\u015fmenin etkisiyle birlikte dil uzmanlar\u0131na olan talebin artmas\u0131 beklenmektedir. Frans\u0131zca&#8217;n\u0131n d\u00fcnya genelindeki \u00f6nemi ve Fransa ile di\u011fer Frans\u0131zca konu\u015fan \u00fclkelerle olan ticari ili\u015fkiler, Frans\u0131z Dili ve Edebiyat\u0131 mezunlar\u0131 i\u00e7in olumlu i\u015f f\u0131rsatlar\u0131 sunmaktad\u0131r.<\/p>\n<p>4. Zorluk Derecesi ve Sorumluluklar<\/p>\n<p>Frans\u0131z Dili ve Edebiyat\u0131 b\u00f6l\u00fcm\u00fc, disiplinler aras\u0131 bir program oldu\u011fu i\u00e7in \u00f6\u011frencilerden geni\u015f bir bilgi yelpazesini anlamalar\u0131 ve sentezlemeleri beklenir. \u00d6\u011frenciler dilbilgisi, \u00e7eviri, analitik d\u00fc\u015f\u00fcnme ve ele\u015ftirel okuma gibi becerileri geli\u015ftirerek yo\u011fun \u00e7al\u0131\u015fmalara kat\u0131l\u0131rlar. Ayr\u0131ca, edebiyat eserlerini yorumve analiz etme yetene\u011fi de \u00f6nemlidir. B\u00f6l\u00fcmdeki derslerin yo\u011funlu\u011fu ve i\u00e7eri\u011fi, \u00f6\u011frencilerin derinlemesine \u00e7al\u0131\u015fma ve ara\u015ft\u0131rma yapmalar\u0131n\u0131 gerektirir.<\/p>\n<p>Frans\u0131z Dili ve Edebiyat\u0131 mezunlar\u0131, genellikle yaz\u0131l\u0131 ve s\u00f6zl\u00fc ileti\u015fim becerilerinde \u00fcst\u00fcn yeteneklere sahip olurlar. Ayr\u0131ca k\u00fclt\u00fcrel ve tarihsel bir bilgi birikimi edindikleri i\u00e7in k\u00fclt\u00fcrel hassasiyeti olan, analitik d\u00fc\u015f\u00fcnebilen ve ele\u015ftirel yakla\u015f\u0131m sergileyebilen bireyler olarak yeti\u015firler.<\/p>\n<p>5. Gelir D\u00fczeyleri ve \u00c7al\u0131\u015fma Olanaklar\u0131<\/p>\n<p>Frans\u0131z Dili ve Edebiyat\u0131 mezunlar\u0131n\u0131n gelir d\u00fczeyi, se\u00e7tikleri kariyer yoluna ba\u011fl\u0131 olarak de\u011fi\u015fkenlik g\u00f6sterir. \u00d6rne\u011fin, \u00e7eviri veya diplomatik hizmetler gibi alanlarda \u00e7al\u0131\u015fanlar genellikle rekabet\u00e7i bir maa\u015f alabilirler. Akademik kariyer izleyenler ise \u00fcniversitelerde \u00f6\u011fretim g\u00f6revlisi veya ara\u015ft\u0131rmac\u0131 olarak istihdam edilerek akademik d\u00fcnyada yerlerini alabilirler.<\/p>\n<p>Ayr\u0131ca, Frans\u0131zca&#8217;y\u0131 etkin bir \u015fekilde kullanabilen ve k\u00fclt\u00fcrel bir uzmanl\u0131kla birle\u015ftirebilen mezunlar, uluslararas\u0131 \u015firketlerde dil ve k\u00fclt\u00fcr dan\u0131\u015fman\u0131 olarak \u00e7al\u0131\u015fma f\u0131rsatlar\u0131na da sahip olabilirler.<\/p>\n<p>Sonu\u00e7:<\/p>\n<p>Frans\u0131z Dili ve Edebiyat\u0131 (4 Y\u0131ll\u0131k) B\u00f6l\u00fcm\u00fc, \u00f6\u011frencilere Frans\u0131zca dil becerilerini geli\u015ftirme ve Frans\u0131z k\u00fclt\u00fcr\u00fc ile edebiyat\u0131na derinlemesine bir bak\u0131\u015f a\u00e7\u0131s\u0131 kazand\u0131rma imkan\u0131 sunan heyecan verici bir programd\u0131r. Bu b\u00f6l\u00fcm\u00fc tercih edenler, \u00e7e\u015fitli kariyer f\u0131rsatlar\u0131na sahip olabilirler, se\u00e7tikleri meslek alan\u0131nda ba\u015far\u0131l\u0131 olabilir ve dil yeteneklerini de\u011ferlendirebilirler. Gelecekte de dil uzmanlar\u0131na olan talebin artmas\u0131yla birlikte, Frans\u0131z Dili ve Edebiyat\u0131 mezunlar\u0131n\u0131n i\u015f olanaklar\u0131 ve kariyer perspektifleri olduk\u00e7a olumludur.Ara\u015ft\u0131rmalar, dil uzmanlar\u0131n\u0131n \u00f6nemli bir ihtiya\u00e7 oldu\u011funu ve bu alanda gelecekteki istihdam potansiyelinin y\u00fcksek oldu\u011funu g\u00f6stermektedir. \u00d6zellikle k\u00fcreselle\u015fme ve uluslararas\u0131 ili\u015fkilerdeki art\u0131\u015f, dil becerilerine sahip ki\u015filere olan talebi art\u0131rm\u0131\u015ft\u0131r.<\/p>\n<p>Frans\u0131z Dili ve Edebiyat\u0131 mezunlar\u0131 i\u00e7in kariyer f\u0131rsatlar\u0131 \u00e7e\u015fitlilik g\u00f6sterebilir. Bir\u00e7ok mezun, e\u011fitim alan\u0131nda ilerlemeyi tercih ederek \u00f6\u011fretmenlik veya akademik kariyer yapabilirler. \u00dcniversitelerde Frans\u0131z dili ve edebiyat\u0131 \u00fczerine ara\u015ft\u0131rmalar yapma ve \u00f6\u011fretme imkan\u0131 bulabilirler.<\/p>\n<p>Bunun yan\u0131 s\u0131ra, \u00e7eviri sekt\u00f6r\u00fc de cazip bir se\u00e7enektir. Frans\u0131zcadan ba\u015fka dillere veya di\u011fer dillerden Frans\u0131zcaya \u00e7eviri yapmak, dil becerilerini kullanma ve k\u00fclt\u00fcrler aras\u0131 ileti\u015fimi sa\u011flama f\u0131rsat\u0131 sunar. Diplomatik hizmetlerde \u00e7al\u0131\u015fmak da bir di\u011fer se\u00e7enek olabilir, \u00f6zellikle Frans\u0131zca bilenler i\u00e7in uluslararas\u0131 ili\u015fkilerde diplomatik g\u00f6revlerde yer alma \u015fans\u0131 vard\u0131r.<\/p>\n<p>Frans\u0131z k\u00fclt\u00fcr\u00fcne ve edebiyat\u0131na olan ilgiyi derinle\u015ftiren bu b\u00f6l\u00fcm, ayn\u0131 zamanda i\u015f d\u00fcnyas\u0131nda da farkl\u0131 alanlarda ba\u015far\u0131l\u0131 olma imkan\u0131 sunar. \u00d6rne\u011fin, k\u00fclt\u00fcrel dan\u0131\u015fmanl\u0131k, turizm ve seyahat sekt\u00f6r\u00fc gibi alanlarda \u00e7al\u0131\u015fabilirler. K\u00fclt\u00fcrel etkinliklerin organizasyonu ve y\u00f6netimi konular\u0131nda uzmanla\u015farak k\u00fclt\u00fcrler aras\u0131 etkile\u015fimleri sa\u011flayabilirler.<\/p>\n<p><center><img decoding=\"async\" src=\"https:\/\/www.sorumatix.com\/blog\/wp-content\/uploads\/2023\/10\/uploaded-image-fransiz-dili-ve-edebiyati-4-yillik-bolumu-1696275612302.jpg\" title=\"Frans\u0131z Dili ve Edebiyat\u0131 (4 Y\u0131ll\u0131k) B\u00f6l\u00fcm\u00fc \" alt=\"Frans\u0131z Dili ve Edebiyat\u0131 (4 Y\u0131ll\u0131k) B\u00f6l\u00fcm\u00fc \"><\/center><\/p>\n<p>Frans\u0131z Dili ve Edebiyat\u0131 b\u00f6l\u00fcm\u00fcnden mezun olanlar i\u00e7in gelecek projeksiyonlar\u0131 umut vadetmektedir. Dil becerileri, k\u00fclt\u00fcrel birikimleri ve analitik d\u00fc\u015f\u00fcnme yetenekleri sayesinde, bu mezunlar geni\u015f bir i\u015f yelpazesine sahip olabilirler. \u0130leri d\u00fczey dil bilgisine sahip olman\u0131n yan\u0131 s\u0131ra, k\u00fclt\u00fcrel fark\u0131ndal\u0131k ve ileti\u015fim yetenekleri de \u00f6nemli avantajlar sunmaktad\u0131r.<\/p>\n<p>Sonu\u00e7 olarak, Frans\u0131z Dili ve Edebiyat\u0131 (4 Y\u0131ll\u0131k) B\u00f6l\u00fcm\u00fc, \u00f6\u011frencilere dil yeteneklerini geli\u015ftirme, k\u00fclt\u00fcrel birikim kazanma ve \u00e7e\u015fitli kariyer olanaklar\u0131na sahip olma f\u0131rsat\u0131 sunar. Bu b\u00f6l\u00fcmde okuyanlar, Frans\u0131z k\u00fclt\u00fcr\u00fcne ve edebiyat\u0131na derinlemesine bir bak\u0131\u015f a\u00e7\u0131s\u0131 kazan\u0131rken ayn\u0131 zamanda gelecekteki kariyerlerini \u015fekillendirebilirler.<\/p>\n<p><\/body><\/html><\/p>\n","protected":false},"excerpt":{"rendered":"<p>Frans\u0131z Dili ve Edebiyat\u0131 (4 Y\u0131ll\u0131k) B\u00f6l\u00fcm\u00fc: Bir K\u00fclt\u00fcr ve Dil Ser\u00fcveni Giri\u015f: Frans\u0131z Dili ve Edebiyat\u0131 b\u00f6l\u00fcm\u00fc, dilin g\u00fcc\u00fcn\u00fc<\/p>\n","protected":false},"author":1,"featured_media":4319,"comment_status":"open","ping_status":"open","sticky":false,"template":"","format":"standard","meta":{"colormag_page_container_layout":"default_layout","colormag_page_sidebar_layout":"default_layout","footnotes":""},"categories":[4],"tags":[],"class_list":["post-4320","post","type-post","status-publish","format-standard","has-post-thumbnail","hentry","category-ders-calisma-tuyolari"],"_links":{"self":[{"href":"https:\/\/www.sorumatix.com\/blog\/wp-json\/wp\/v2\/posts\/4320","targetHints":{"allow":["GET"]}}],"collection":[{"href":"https:\/\/www.sorumatix.com\/blog\/wp-json\/wp\/v2\/posts"}],"about":[{"href":"https:\/\/www.sorumatix.com\/blog\/wp-json\/wp\/v2\/types\/post"}],"author":[{"embeddable":true,"href":"https:\/\/www.sorumatix.com\/blog\/wp-json\/wp\/v2\/users\/1"}],"replies":[{"embeddable":true,"href":"https:\/\/www.sorumatix.com\/blog\/wp-json\/wp\/v2\/comments?post=4320"}],"version-history":[{"count":1,"href":"https:\/\/www.sorumatix.com\/blog\/wp-json\/wp\/v2\/posts\/4320\/revisions"}],"predecessor-version":[{"id":5210,"href":"https:\/\/www.sorumatix.com\/blog\/wp-json\/wp\/v2\/posts\/4320\/revisions\/5210"}],"wp:featuredmedia":[{"embeddable":true,"href":"https:\/\/www.sorumatix.com\/blog\/wp-json\/wp\/v2\/media\/4319"}],"wp:attachment":[{"href":"https:\/\/www.sorumatix.com\/blog\/wp-json\/wp\/v2\/media?parent=4320"}],"wp:term":[{"taxonomy":"category","embeddable":true,"href":"https:\/\/www.sorumatix.com\/blog\/wp-json\/wp\/v2\/categories?post=4320"},{"taxonomy":"post_tag","embeddable":true,"href":"https:\/\/www.sorumatix.com\/blog\/wp-json\/wp\/v2\/tags?post=4320"}],"curies":[{"name":"wp","href":"https:\/\/api.w.org\/{rel}","templated":true}]}}