{"id":4601,"date":"2023-10-19T15:23:07","date_gmt":"2023-10-19T15:23:07","guid":{"rendered":"https:\/\/www.sorumatix.com\/blog\/?p=4601"},"modified":"2023-10-19T15:23:07","modified_gmt":"2023-10-19T15:23:07","slug":"isaret-dili-egitimi","status":"publish","type":"post","link":"https:\/\/www.sorumatix.com\/blog\/isaret-dili-egitimi.html","title":{"rendered":"\u0130\u015faret Dili E\u011fitimi"},"content":{"rendered":"<p>\u0130\u015faret Dili E\u011fitimi: Kariyerinizdeki Geni\u015flemeye Kap\u0131 Aralayan Bir F\u0131rsat<\/p>\n<p>Giri\u015f:<\/p>\n<p>Merhaba gen\u00e7ler! Bug\u00fcn sizlere kariyerinizi geli\u015ftirmenizde \u00f6nemli bir rol oynayabilecek heyecan verici bir konudan bahsetmek istiyorum: \u0130\u015faret Dili E\u011fitimi. \u0130\u015faret Dili, i\u015fitme engelli bireylerle etkile\u015fim kurman\u0131n temel arac\u0131d\u0131r ve onlar\u0131n hayatlar\u0131na dokunma f\u0131rsat\u0131 sunar. Bu makalede, i\u015faret dili e\u011fitiminin temelini a\u00e7\u0131klayacak, bu e\u011fitimi alanlar\u0131n kar\u015f\u0131la\u015fabilece\u011fi f\u0131rsatlar hakk\u0131nda bilgi verecek ve gelecekteki projeksiyonlar\u0131n\u0131 ele alaca\u011f\u0131z. Haz\u0131rsan\u0131z, ba\u015flayal\u0131m!<\/p>\n<p>1. \u0130\u015faret Dili E\u011fitimi Nedir?<\/p>\n<p>\u0130\u015faret Dili E\u011fitimi, i\u015faret dilinin temellerini \u00f6\u011frenmeyi ve kullanmay\u0131 i\u00e7eren bir s\u00fcre\u00e7tir. \u0130\u015faret dilinde eller, y\u00fcz ifadeleri ve beden hareketleri ile ileti\u015fim kurulur. \u0130\u015fitme engelli bireylerle ileti\u015fim kurabilmenin yan\u0131 s\u0131ra, \u00e7e\u015fitli mesleklerde de i\u015faret dilini kullanma imkan\u0131 sunar.<\/p>\n<p>2. \u0130\u015faret Dili E\u011fitimi Almak \u0130\u00e7in Neler Gereklidir?<\/p>\n<p>\u0130\u015faret Dili E\u011fitimi almak i\u00e7in herhangi bir \u00f6zel yetenek veya deneyim gerekmez. E\u011fitim kurumlar\u0131 ve dil merkezleri, i\u015faret dili e\u011fitimi programlar\u0131 sunarlar ve genellikle her seviyeden \u00f6\u011frenciye a\u00e7\u0131kt\u0131r. \u0130\u015faret dilini \u00f6\u011frenme motivasyonuyla ba\u015flamak ve s\u00fcreci sab\u0131rla takip etmek \u00f6nemlidir.<\/p>\n<p>3. \u0130\u015faret Dili E\u011fitiminde Hangi Konular \u0130\u015flenir?<\/p>\n<p>\u0130\u015faret Dili E\u011fitimi kapsam\u0131nda genellikle \u015fu konular ele al\u0131n\u0131r:<\/p>\n<p>&#8211; \u0130\u015faret dilinin temelleri: Alfabeden ba\u015flayarak i\u015faret dilindeki temel kavramlar ve s\u00f6zc\u00fck da\u011farc\u0131\u011f\u0131 \u00f6\u011fretilir.<\/p>\n<p>&#8211; Dilbilgisi ve yap\u0131: \u0130\u015faret dilinin dilbilgisel kurallar\u0131 ve c\u00fcmle yap\u0131s\u0131 \u00fczerinde durulur.<\/p>\n<p>&#8211; \u0130leti\u015fim becerileri: \u0130\u015faret dilini ger\u00e7ek hayatta kullanma ve i\u015fitme engelli bireylerle etkile\u015fim kurma becerileri geli\u015ftirilir.<\/p>\n<p>4. \u0130\u015faret Dili E\u011fitimi Alanlar\u0131n Kariyer F\u0131rsatlar\u0131 Nelerdir?<\/p>\n<p>\u0130\u015faret Dili E\u011fitimi alanlar\u0131n kariyer f\u0131rsatlar\u0131 olduk\u00e7a \u00e7e\u015fitlidir. \u0130\u015fitme engelli bireylerin ya\u015famlar\u0131n\u0131 iyile\u015ftirmek ve onlara destek olmak amac\u0131yla a\u015fa\u011f\u0131daki alanlarda \u00e7al\u0131\u015fma imkan\u0131 bulabilirsiniz:<\/p>\n<p>&#8211; \u0130\u015fitme engellilere y\u00f6nelik e\u011fitim kurumlar\u0131nda i\u015faret dili e\u011fitmeni olarak \u00e7al\u0131\u015fma<\/p>\n<p>&#8211; \u0130\u015fitme engelli bireylerle rehabilitasyon merkezlerinde terapist olarak g\u00f6rev alma<\/p>\n<p>&#8211; \u0130\u015fitme engellilere dan\u0131\u015fmanl\u0131k hizmetleri sunma<\/p>\n<p>&#8211; \u0130\u015fitme engelli bireylerin entegrasyonunu sa\u011flamak amac\u0131yla sosyal hizmetlerde \u00e7al\u0131\u015fma<\/p>\n<p>&#8211; \u0130\u015fitme engellilerle ileti\u015fim kurmada uzmanla\u015fan bir terc\u00fcman olarak \u00e7al\u0131\u015fma<\/p>\n<p>5. \u0130\u015faret Dili E\u011fitimi Gelecekte Neler Sunabilir?<\/p>\n<p>\u0130\u015faret Dili E\u011fitimi gelecekte daha da \u00f6nem kazanaca\u011f\u0131 projeksiyonlar\u0131na sahiptir. Toplumsal fark\u0131ndal\u0131\u011f\u0131n artmas\u0131yla, i\u015fitme engelli bireylerin ihtiya\u00e7lar\u0131na daha fazla odaklan\u0131lmas\u0131 beklenmektedir. Bu ba\u011flamda, i\u015faret Dili E\u011fitimi alanlar\u0131n gelecekte a\u015fa\u011f\u0131daki f\u0131rsatlara sahip olabilece\u011fi \u00f6ng\u00f6r\u00fclmektedir:<\/p>\n<p>&#8211; \u0130\u015fitme engelli bireylerin i\u015f hayat\u0131nda daha fazla yer almas\u0131yla, i\u015faret dilini bilen profesyonellere olan talep artabilir. \u0130\u015f yerlerinde i\u015fitme engelli \u00e7al\u0131\u015fanlarla ileti\u015fim kurabilen ve onlar\u0131 destekleyebilen bireylere olan ihtiya\u00e7 artacakt\u0131r.<\/p>\n<p>&#8211; Dijital \u00e7a\u011f\u0131n geli\u015fmesiyle birlikte i\u015faret dilinin dijital platformlarda kullan\u0131m\u0131 da yayg\u0131nla\u015facakt\u0131r. \u0130\u015faret Dili E\u011fitimi alanlar, video i\u00e7eriklerde veya online platformlarda i\u015fitme engelli izleyicilere y\u00f6nelik i\u00e7erik \u00fcretebilir veya i\u015faret dili terc\u00fcmanl\u0131\u011f\u0131 yapabilir.<\/p>\n<p>&#8211; \u0130\u015fitme engelli bireylerle etkile\u015fim kuran mobil uygulamalar\u0131n ve ileti\u015fim ara\u00e7lar\u0131n\u0131n geli\u015ftirilmesi, i\u015faret dilini bilen uzmanlara olan ihtiyac\u0131 art\u0131racakt\u0131r. Bu alanda \u00e7al\u0131\u015fanlar, teknolojiyle uyumlu hizmetler sunarak i\u015fitme engelli bireylerin g\u00fcnl\u00fck ya\u015famlar\u0131n\u0131 kolayla\u015ft\u0131rabilir.<\/p>\n<p>6. \u0130\u015faret Dili E\u011fitimi Zorluk Derecesi ve Sorumluluklar\u0131<\/p>\n<p>\u0130\u015faret Dili E\u011fitimi, herhangi bir yeni dil \u00f6\u011frenme s\u00fcrecinde oldu\u011fu gibi \u00e7aba ve \u00f6zveri gerektiren bir s\u00fcre\u00e7tir. El ve y\u00fcz hareketlerinin koordinasyonunu sa\u011flamak, dilbilgisel kurallar\u0131 \u00f6\u011frenmek ve pratik yapmak zaman alabilir. Bu s\u00fcre\u00e7te sab\u0131rl\u0131 olmak ve d\u00fczenli olarak e\u011fitimi takip etmek \u00f6nemlidir.<\/p>\n<p>\u0130\u015faret Dili E\u011fitimi alanlar\u0131n sorumluluklar\u0131, i\u015fitme engelli bireylerle ileti\u015fimde duyarl\u0131l\u0131k g\u00f6stermek ve onlar\u0131 anlamaya \u00e7al\u0131\u015fmakt\u0131r. \u0130\u015fitme engelli bireylerin ihtiya\u00e7lar\u0131n\u0131 anlamak ve uygun ileti\u015fim y\u00f6ntemlerini kullanarak onlara destek olmak bu e\u011fitimi alanlar\u0131n sorumlulu\u011fundad\u0131r.<\/p>\n<p>7. \u0130\u015faret Dili E\u011fitimi Sonras\u0131nda Gelir D\u00fczeyleri<\/p>\n<p>\u0130\u015faret Dili E\u011fitimi sonras\u0131nda gelir d\u00fczeyi, ki\u015finin \u00e7al\u0131\u015fma alan\u0131na ve deneyimine ba\u011fl\u0131 olarak de\u011fi\u015fkenlik g\u00f6sterebilir. \u0130\u015faret Dili E\u011fitimi alanlar, i\u015fitme engellilere y\u00f6nelik hizmet veren kurum veya kurulu\u015flarda, e\u011fitmenlik veya terc\u00fcmanl\u0131k gibi pozisyonlarda \u00e7al\u0131\u015fabilirler. Gelir d\u00fczeyi, \u00e7al\u0131\u015f\u0131lan sekt\u00f6r, yetkinlik d\u00fczeyi ve deneyime g\u00f6re farkl\u0131l\u0131k g\u00f6sterecektir.<\/p>\n<p>Sonu\u00e7:<\/p>\n<p>\u0130\u015faret Dili E\u011fitimi, kariyerinizi geli\u015ftirmek i\u00e7in heyecan verici bir f\u0131rsat sunar. \u0130\u015fitme engelli bireylerle etkile\u015fim kurarak onlara destek olma ve ya\u015famlar\u0131n\u0131 iyile\u015ftirme imkan\u0131 sunar. \u0130\u015faret Dili E\u011fitimi alanlar, i\u015fitme engellilere y\u00f6nelik e\u011fitim, terapi, dan\u0131\u015fmanl\u0131k ve ileti\u015fim hizmetleri gibi \u00e7e\u015fitli kariyer f\u0131rsatlar\u0131na sahip olabilirler. Gelecekte ise i\u015fitme engelli bireylerin toplumsal fark\u0131ndal\u0131\u011f\u0131n\u0131n artmas\u0131yla birlikte bu alanda daha fazla talep olaca\u011f\u0131 \u00f6ng\u00f6r\u00fclmektedir. Unutmay\u0131n, i\u015faret dilini \u00f6\u011frenmek i\u00e7in sab\u0131r, azim ve duyarl\u0131l\u0131k gerekmektedir, ancak bu s\u00fcrecin sonunda kariyerinizde yeni kap\u0131lar a\u00e7\u0131labilecektir.8. \u0130\u015faret Dili E\u011fitimi ve Ara\u015ft\u0131rmalar<\/p>\n<p>\u0130\u015faret Dili E\u011fitimi alan\u0131nda yap\u0131lan ara\u015ft\u0131rmalar, bu e\u011fitimin \u00f6nemini ve etkisini desteklemektedir. Ara\u015ft\u0131rmalar, i\u015faret dilini bilen ki\u015filerin i\u015fitme engelli bireylerle daha iyi ileti\u015fim kurdu\u011funu, sosyal entegrasyonlar\u0131n\u0131n artt\u0131\u011f\u0131n\u0131 ve psikolojik refahlar\u0131n\u0131n iyile\u015fti\u011fini g\u00f6stermektedir. Ayr\u0131ca, erken ya\u015fta i\u015faret dili e\u011fitimi alm\u0131\u015f \u00e7ocuklar\u0131n dil becerilerinin geli\u015fti\u011fi ve akademik ba\u015far\u0131lar\u0131n\u0131n artt\u0131\u011f\u0131 da belirlenmi\u015ftir.<\/p>\n<p>9. \u0130\u015faret Dili E\u011fitimi ve Zorunluluklar<\/p>\n<p>Baz\u0131 \u00fclkelerde, i\u015faret dili terc\u00fcmanl\u0131\u011f\u0131 gibi pozisyonlarda \u00e7al\u0131\u015fmak i\u00e7in resmi sertifikalara sahip olmak gerekmektedir. Bu durumda, i\u015faret dili e\u011fitimi alanlar\u0131n belirli bir d\u00fczeyi ge\u00e7meleri ve sertifika programlar\u0131na kat\u0131lmalar\u0131 gerekebilir. Bu zorunluluklar, i\u015faret dili e\u011fitimi almay\u0131 d\u00fc\u015f\u00fcnenler i\u00e7in \u00f6nemli bir fakt\u00f6rd\u00fcr ve ilgili \u00fclkedeki mevcut yasalar ve d\u00fczenlemelere g\u00f6re de\u011fi\u015febilir.<\/p>\n<p>10. \u0130\u015faret Dili E\u011fitiminin Toplumsal Etkisi<\/p>\n<p>\u0130\u015faret Dili E\u011fitimi, toplumda i\u015fitme engelli bireylerin ya\u015famlar\u0131na daha fazla dahil olmalar\u0131n\u0131 sa\u011flar. \u0130\u015faret dili bilen ki\u015filer, i\u015fitme engelli bireylerle ileti\u015fim kurarak onlar\u0131n haklar\u0131n\u0131 savunabilir, toplumsal fark\u0131ndal\u0131\u011f\u0131 art\u0131rabilir ve i\u015fitme engellilik konusundaki \u00f6n yarg\u0131lar\u0131 azaltabilir. Bu da daha kapsay\u0131c\u0131 bir toplum olu\u015fturma hedefine katk\u0131da bulunur.<\/p>\n<p>Son d\u00fc\u015f\u00fcnceler:<\/p>\n<p>\u0130\u015faret Dili E\u011fitimi, kariyer geli\u015fiminize yeni bir boyut kazand\u0131rabilecek \u00f6nemli bir aland\u0131r. \u0130\u015fitme engelli bireylerle ileti\u015fim kurabilme becerisi, sizlere \u00e7e\u015fitli mesleklerde \u00e7al\u0131\u015fma f\u0131rsatlar\u0131 sunar. Ayr\u0131ca, bu e\u011fitimi alanlar gelecekte i\u015f ve teknoloji d\u00fcnyas\u0131nda daha fazla talep g\u00f6rebilir. \u0130\u015faret Dili E\u011fitimi, sab\u0131r, \u00f6zveri ve duyarl\u0131l\u0131k gerektirse de, i\u015fitme engelli bireylerin ya\u015famlar\u0131n\u0131 iyile\u015ftirme ve destek olma potansiyeline sahip de\u011ferli bir ara\u00e7t\u0131r. Kendinizi bu alanda geli\u015ftirdik\u00e7e, i\u015fitme engelli bireylerle etkile\u015fim kurman\u0131n g\u00fczelli\u011fini ke\u015ffedeceksiniz. Unutmay\u0131n, i\u015faret dilini \u00f6\u011frenmek sadece bir dil \u00f6\u011frenmek de\u011fil, ayn\u0131 zamanda insanlar aras\u0131nda k\u00f6pr\u00fcler kurma ve toplumsal bir etki yaratma yolculu\u011fudur.<\/p>\n","protected":false},"excerpt":{"rendered":"<p>\u0130\u015faret Dili E\u011fitimi: Kariyerinizdeki Geni\u015flemeye Kap\u0131 Aralayan Bir F\u0131rsat Giri\u015f: Merhaba gen\u00e7ler! Bug\u00fcn sizlere kariyerinizi geli\u015ftirmenizde \u00f6nemli bir rol oynayabilecek<\/p>\n","protected":false},"author":1,"featured_media":0,"comment_status":"open","ping_status":"open","sticky":false,"template":"","format":"standard","meta":{"colormag_page_container_layout":"default_layout","colormag_page_sidebar_layout":"default_layout","footnotes":""},"categories":[4],"tags":[],"class_list":["post-4601","post","type-post","status-publish","format-standard","hentry","category-ders-calisma-tuyolari"],"_links":{"self":[{"href":"https:\/\/www.sorumatix.com\/blog\/wp-json\/wp\/v2\/posts\/4601","targetHints":{"allow":["GET"]}}],"collection":[{"href":"https:\/\/www.sorumatix.com\/blog\/wp-json\/wp\/v2\/posts"}],"about":[{"href":"https:\/\/www.sorumatix.com\/blog\/wp-json\/wp\/v2\/types\/post"}],"author":[{"embeddable":true,"href":"https:\/\/www.sorumatix.com\/blog\/wp-json\/wp\/v2\/users\/1"}],"replies":[{"embeddable":true,"href":"https:\/\/www.sorumatix.com\/blog\/wp-json\/wp\/v2\/comments?post=4601"}],"version-history":[{"count":0,"href":"https:\/\/www.sorumatix.com\/blog\/wp-json\/wp\/v2\/posts\/4601\/revisions"}],"wp:attachment":[{"href":"https:\/\/www.sorumatix.com\/blog\/wp-json\/wp\/v2\/media?parent=4601"}],"wp:term":[{"taxonomy":"category","embeddable":true,"href":"https:\/\/www.sorumatix.com\/blog\/wp-json\/wp\/v2\/categories?post=4601"},{"taxonomy":"post_tag","embeddable":true,"href":"https:\/\/www.sorumatix.com\/blog\/wp-json\/wp\/v2\/tags?post=4601"}],"curies":[{"name":"wp","href":"https:\/\/api.w.org\/{rel}","templated":true}]}}