{"id":4682,"date":"2023-10-22T16:53:07","date_gmt":"2023-10-22T16:53:07","guid":{"rendered":"https:\/\/www.sorumatix.com\/blog\/?p=4682"},"modified":"2023-10-22T16:53:07","modified_gmt":"2023-10-22T16:53:07","slug":"is-yasaminda-kusaklar-arasi-iletisim","status":"publish","type":"post","link":"https:\/\/www.sorumatix.com\/blog\/is-yasaminda-kusaklar-arasi-iletisim.html","title":{"rendered":"\u0130\u015f Ya\u015fam\u0131nda Ku\u015faklar Aras\u0131 \u0130leti\u015fim"},"content":{"rendered":"<p><center><iframe loading=\"lazy\" width=\"560\" height=\"315\" src=\"https:\/\/www.youtube.com\/embed\/aQLRzerRKMc\" title=\"YouTube video player\" frameborder=\"0\" allow=\"accelerometer; autoplay; clipboard-write; encrypted-media; gyroscope; picture-in-picture; web-share\" allowfullscreen><\/iframe><\/center><\/p>\n<p>\u0130\u015f Ya\u015fam\u0131nda Ku\u015faklar Aras\u0131 \u0130leti\u015fim: Kariyerinde \u0130lerlemek \u0130steyen Gen\u00e7ler \u0130\u00e7in \u00d6nemli Bir E\u011fitim<\/p>\n<p>Giri\u015f:<\/p>\n<p>\u0130\u015f d\u00fcnyas\u0131n\u0131n h\u0131zla de\u011fi\u015fen dinamikleri, farkl\u0131 ku\u015faklardan gelen \u00e7al\u0131\u015fanlar\u0131n bir arada \u00e7al\u0131\u015fmas\u0131n\u0131 zorunlu k\u0131l\u0131yor. Bug\u00fcn\u00fcn i\u015f ortam\u0131nda, X, Y ve Z ku\u015faklar\u0131 gibi farkl\u0131 nesillerden gelen bireylerin birlikte \u00e7al\u0131\u015fabilmesi ve etkili ileti\u015fim kurabilmesi b\u00fcy\u00fck \u00f6nem ta\u015f\u0131yor. \u0130\u015fte bu noktada, \u0130\u015f Ya\u015fam\u0131nda Ku\u015faklar Aras\u0131 \u0130leti\u015fim e\u011fitimi devreye giriyor. Bu makalede, bu e\u011fitimin temel olarak a\u00e7\u0131klanmas\u0131 ve kariyerinde ilerlemek isteyen gen\u00e7lere y\u00f6nelik bir bilgilendirme sunulmas\u0131 ama\u00e7lanmaktad\u0131r.<\/p>\n<p>1. \u0130\u015f Ya\u015fam\u0131nda Ku\u015faklar Aras\u0131 \u0130leti\u015fim E\u011fitimi Nedir?<\/p>\n<p>\u0130\u015f Ya\u015fam\u0131nda Ku\u015faklar Aras\u0131 \u0130leti\u015fim e\u011fitimi, farkl\u0131 ku\u015faklardan gelen bireylerin ortak \u00e7al\u0131\u015fma alanlar\u0131nda daha iyi anla\u015f\u0131labilirlik, uyum ve i\u015fbirli\u011fi sa\u011flamalar\u0131na yard\u0131mc\u0131 olan bir e\u011fitim program\u0131d\u0131r. Bu e\u011fitim, \u00e7al\u0131\u015fanlar\u0131n farkl\u0131 ku\u015faklara ait de\u011ferleri, beklentileri, ileti\u015fim stilleri ve \u00e7al\u0131\u015fma al\u0131\u015fkanl\u0131klar\u0131n\u0131 anlamalar\u0131na ve bu farkl\u0131l\u0131klar\u0131 y\u00f6netmelerine olanak tan\u0131r. Ayn\u0131 zamanda, i\u015fbirli\u011fi ve verimlilik a\u00e7\u0131s\u0131ndan gereken etkili ileti\u015fim becerilerini geli\u015ftirir.<\/p>\n<p>2. \u0130\u015f Ya\u015fam\u0131nda Ku\u015faklar Aras\u0131 \u0130leti\u015fim E\u011fitimi Neleri Kapsar?<\/p>\n<p>\u0130\u015f Ya\u015fam\u0131nda Ku\u015faklar Aras\u0131 \u0130leti\u015fim e\u011fitimi, a\u015fa\u011f\u0131daki konular\u0131 i\u00e7erebilir:<\/p>\n<p>&#8211; Farkl\u0131 ku\u015faklar\u0131n \u00f6zellikleri ve de\u011ferleri: X, Y, Z ku\u015faklar\u0131 gibi farkl\u0131 nesillerin ortak ve farkl\u0131 y\u00f6nlerini anlama.<\/p>\n<p>&#8211; \u0130leti\u015fim stilleri: Farkl\u0131 ku\u015faklara ait ileti\u015fim tercihlerini anlama ve uyum sa\u011flama.<\/p>\n<p>&#8211; \u00c7al\u0131\u015fma al\u0131\u015fkanl\u0131klar\u0131: Farkl\u0131 ku\u015faklar\u0131n \u00e7al\u0131\u015fma tarzlar\u0131n\u0131 ve beklentilerini anlayarak ortak \u00e7al\u0131\u015fma alanlar\u0131 olu\u015fturma.<\/p>\n<p>&#8211; Teknoloji kullan\u0131m\u0131: Farkl\u0131 ku\u015faklar\u0131n teknolojiye yakla\u015f\u0131mlar\u0131n\u0131 anlama ve dijital ara\u00e7lar\u0131 etkin bir \u015fekilde kullanma.<\/p>\n<p>&#8211; Geri bildirim ve motivasyon: Farkl\u0131 ku\u015faklara y\u00f6nelik geri bildirim ve motivasyon stratejilerini olu\u015fturma.<\/p>\n<p>&#8211; Liderlik ve mentorluk: Farkl\u0131 ku\u015faklara liderlik yapma ve mentorluk rol\u00fcn\u00fc \u00fcstlenme becerilerini geli\u015ftirme.<\/p>\n<p>3. \u0130\u015f Ya\u015fam\u0131nda Ku\u015faklar Aras\u0131 \u0130leti\u015fim E\u011fitimi Alanlar \u0130\u00e7in Kariyer F\u0131rsatlar\u0131<\/p>\n<p>\u0130\u015f Ya\u015fam\u0131nda Ku\u015faklar Aras\u0131 \u0130leti\u015fim e\u011fitimi alan bireyler, kariyerlerinde \u00e7e\u015fitli f\u0131rsatlara sahip olabilirler. Bu e\u011fitimin sa\u011flad\u0131\u011f\u0131 faydalar \u015funlar\u0131 i\u00e7erebilir:<\/p>\n<p>&#8211; \u0130\u015fbirli\u011fi ve uyum: Farkl\u0131 ku\u015faklardan gelen \u00e7al\u0131\u015fma arkada\u015flar\u0131yla daha iyi i\u015fbirli\u011fi yapabilme ve ortak hedeflere y\u00f6nelik uyumu art\u0131rma.<\/p>\n<p>&#8211; Liderlik becerileri: Farkl\u0131 ku\u015faklar\u0131 y\u00f6netme ve liderlik yapma becerilerini geli\u015ftirerek tak\u0131m\u0131n\u0131 daha etkili bir \u015fekilde y\u00f6nlendirme.<\/p>\n<p>&#8211; \u00c7eviklik: De\u011fi\u015fen i\u015f ortam\u0131nda h\u0131zla adapte olabilme ve yeni s\u00fcre\u00e7lere kolayl\u0131kuyum sa\u011flama becerisi.<\/p>\n<p>&#8211; \u0130novasyon ve yarat\u0131c\u0131l\u0131k: Farkl\u0131 perspektiflerden gelen insanlar aras\u0131nda etkile\u015fim ve bilgi payla\u015f\u0131m\u0131, inovasyon ve yarat\u0131c\u0131l\u0131\u011f\u0131 te\u015fvik edebilir.<\/p>\n<p>&#8211; Kapsay\u0131c\u0131l\u0131k ve \u00e7e\u015fitlilik: Farkl\u0131 ku\u015faklardan gelen \u00e7al\u0131\u015fanlar\u0131n bir arada bulunmas\u0131, \u00e7e\u015fitlili\u011fi art\u0131r\u0131r ve kapsay\u0131c\u0131 bir i\u015f ortam\u0131 olu\u015fturur.<\/p>\n<p>&#8211; Kariyer ilerlemesi: Ku\u015faklar aras\u0131 ileti\u015fimi etkin bir \u015fekilde y\u00f6netebilen bireyler, organizasyonda daha fazla sorumluluk alabilir ve kariyerlerinde ilerleyebilirler.<\/p>\n<p>4. \u0130\u015f Ya\u015fam\u0131nda Ku\u015faklar Aras\u0131 \u0130leti\u015fim E\u011fitiminin Gelece\u011fi<\/p>\n<p>Ara\u015ft\u0131rmalar, i\u015f d\u00fcnyas\u0131nda ku\u015faklar aras\u0131 ileti\u015fim becerisinin \u00f6neminin giderek artt\u0131\u011f\u0131n\u0131 g\u00f6stermektedir. H\u0131zla de\u011fi\u015fen teknoloji, k\u00fcreselle\u015fme ve farkl\u0131 nesillerin \u00e7al\u0131\u015fma hayat\u0131na kat\u0131lmas\u0131yla birlikte, bu beceriye olan ihtiya\u00e7 daha da b\u00fcy\u00fcmektedir. Bu nedenle, \u0130\u015f Ya\u015fam\u0131nda Ku\u015faklar Aras\u0131 \u0130leti\u015fim e\u011fitimi gelecekte de \u00f6nemini koruyacak ve talep g\u00f6recektir.<\/p>\n<p>5. \u0130\u015f Ya\u015fam\u0131nda Ku\u015faklar Aras\u0131 \u0130leti\u015fim E\u011fitimi ve Zorluk Derecesi<\/p>\n<p>\u0130\u015f Ya\u015fam\u0131nda Ku\u015faklar Aras\u0131 \u0130leti\u015fim e\u011fitimi, baz\u0131 zorluklar\u0131 i\u00e7erebilir. Farkl\u0131 ku\u015faklara ait de\u011ferler, beklentiler ve ileti\u015fim tarzlar\u0131 aras\u0131ndaki farkl\u0131l\u0131klar, ba\u015flang\u0131\u00e7ta anla\u015fmazl\u0131klara yol a\u00e7abilir. Ancak, do\u011fru bir e\u011fitim ve pratikle bu farkl\u0131l\u0131klar\u0131n \u00fcstesinden gelmek m\u00fcmk\u00fcnd\u00fcr. Yeterli sab\u0131r, anlay\u0131\u015f ve empatiyle, ku\u015faklar aras\u0131 ileti\u015fim engelleri a\u015f\u0131larak verimli bir \u00e7al\u0131\u015fma ortam\u0131 olu\u015fturulabilir.<\/p>\n<p>6. \u0130\u015f Ya\u015fam\u0131nda Ku\u015faklar Aras\u0131 \u0130leti\u015fim E\u011fitiminin Sorumluluklar\u0131<\/p>\n<p>\u0130\u015f Ya\u015fam\u0131nda Ku\u015faklar Aras\u0131 \u0130leti\u015fim e\u011fitimi alan bireyler, ortak sorumluluklar\u0131 da \u00fcstlenirler. Bu sorumluluklar \u015funlar\u0131 i\u00e7erebilir:<\/p>\n<p>&#8211; Empati: Farkl\u0131 ku\u015faklardan gelen insanlar\u0131 anlama ve onlar\u0131n bak\u0131\u015f a\u00e7\u0131lar\u0131n\u0131 takdir etme.<\/p>\n<p>&#8211; Esneklik: \u0130leti\u015fim tarz\u0131n\u0131 farkl\u0131 ku\u015faklara g\u00f6re ayarlama ve uyum sa\u011flama.<\/p>\n<p>&#8211; Bilgi payla\u015f\u0131m\u0131: Kendi deneyimlerini ve bilgisini di\u011fer ku\u015faklarla payla\u015fma.<\/p>\n<p>&#8211; Kar\u015f\u0131l\u0131kl\u0131 \u00f6\u011frenme: Farkl\u0131 ku\u015faklardan gelen insanlardan \u00f6\u011frenme ve kendini geli\u015ftirme.<\/p>\n<p>7. \u0130\u015f Ya\u015fam\u0131nda Ku\u015faklar Aras\u0131 \u0130leti\u015fim E\u011fitiminin Gelir D\u00fczeyleri<\/p>\n<p>\u0130\u015f Ya\u015fam\u0131nda Ku\u015faklar Aras\u0131 \u0130leti\u015fim e\u011fitimi alan bireyler, kariyer f\u0131rsatlar\u0131na ve organizasyonun b\u00fcy\u00fckl\u00fc\u011f\u00fcne ba\u011fl\u0131 olarak de\u011fi\u015fen gelir d\u00fczeylerine sahip olabilirler. Bu e\u011fitim, ileti\u015fim becerilerini geli\u015ftirmek ve liderlik rol\u00fcn\u00fc \u00fcstlenmek i\u00e7in \u00f6nemli bir ad\u0131md\u0131r. Dolay\u0131s\u0131yla, i\u015f ya\u015fam\u0131nda ilerleyen bireyler genellikle daha y\u00fcksek gelir seviyelerine ula\u015fma potansiyeline sahiptir.<\/p>\n<p>Sonu\u00e7:<\/p>\n<p>\u0130\u015f d\u00fcnyas\u0131nda ku\u015faklar aras\u0131 ileti\u015fim becerisi, kariyerinde ilerlemek isteyen gen\u00e7ler i\u00e7in \u00f6nemli bir unsurdu haline gelmi\u015ftir. \u0130\u015f Ya\u015fam\u0131nda Ku\u015faklar Aras\u0131 \u0130leti\u015fim e\u011fitimi, farkl\u0131 nesillerden gelen \u00e7al\u0131\u015fanlar\u0131n aras\u0131ndaki ileti\u015fim engellerini a\u015fmalar\u0131n\u0131 sa\u011flar ve i\u015fbirli\u011fi, uyum ve verimlilik d\u00fczeyini art\u0131r\u0131r. Bu e\u011fitim, farkl\u0131 ku\u015faklara ait de\u011ferleri anlama, ileti\u015fim stillerini y\u00f6netme, \u00e7al\u0131\u015fma al\u0131\u015fkanl\u0131klar\u0131n\u0131 uyumla\u015ft\u0131rma ve liderlik becerilerini geli\u015ftirme konular\u0131nda kat\u0131l\u0131mc\u0131lara yard\u0131mc\u0131 olur.<\/p>\n<p>Ara\u015ft\u0131rmalar, ku\u015faklar aras\u0131 ileti\u015fim yeteneklerine sahip bireylerin i\u015f ortam\u0131nda daha ba\u015far\u0131l\u0131 olduklar\u0131n\u0131 ve terfi edebildiklerini g\u00f6stermektedir. Bu e\u011fitimi alan gen\u00e7ler, kariyerlerinde daha fazla sorumluluk \u00fcstlenebilir, liderlik pozisyonlar\u0131na y\u00fckselebilir ve daha iyi gelir d\u00fczeylerine ula\u015fabilirler. Ayr\u0131ca, \u00e7e\u015fitlilik ve kapsay\u0131c\u0131l\u0131k \u00f6nem kazanan bir i\u015f d\u00fcnyas\u0131nda, ku\u015faklar aras\u0131 ileti\u015fim becerisi, rekabet avantaj\u0131 sa\u011flayabilir.<\/p>\n<p>Gelecekte i\u015f d\u00fcnyas\u0131nda ku\u015faklar aras\u0131 ileti\u015fim becerisinin daha da \u00f6nemli hale gelmesi beklenmektedir. Teknolojik ilerlemeler, dijital i\u015f ortamlar\u0131 ve k\u00fcreselle\u015fme gibi fakt\u00f6rler, farkl\u0131 ku\u015faklardan gelen insanlar\u0131n bir arada \u00e7al\u0131\u015fmas\u0131n\u0131 zorunlu k\u0131lmaktad\u0131r. Bu nedenle, i\u015f ya\u015fam\u0131nda ku\u015faklar aras\u0131 ileti\u015fim konusunda uzmanla\u015fmak, gen\u00e7ler i\u00e7in gelecekteki projeksiyonlarda b\u00fcy\u00fck bir potansiyele sahip olabilir.<\/p>\n<p>\u0130\u015f Ya\u015fam\u0131nda Ku\u015faklar Aras\u0131 \u0130leti\u015fim e\u011fitimi, kat\u0131l\u0131mc\u0131lara baz\u0131 zorluklar da sunabilir. Farkl\u0131 ku\u015faklara ait de\u011ferlerin \u00e7at\u0131\u015fmas\u0131, ileti\u015fim tarzlar\u0131ndaki farkl\u0131l\u0131klar ve al\u0131\u015fkanl\u0131k farklar\u0131, ba\u015flang\u0131\u00e7ta uyum sa\u011flamay\u0131 zorla\u015ft\u0131rabilir. Ancak do\u011fru e\u011fitim, sab\u0131r ve empatiyle bu engeller a\u015f\u0131labilir ve daha sa\u011fl\u0131kl\u0131 bir i\u015f ortam\u0131 olu\u015fturulabilir.<\/p>\n<p>Sonu\u00e7 olarak, \u0130\u015f Ya\u015fam\u0131nda Ku\u015faklar Aras\u0131 \u0130leti\u015fim e\u011fitimi, kariyerinde ilerlemek isteyen gen\u00e7ler i\u00e7in \u00f6nemli bir f\u0131rsat sunmaktad\u0131r. Bu e\u011fitimi alan bireyler, farkl\u0131 ku\u015faklardan gelen \u00e7al\u0131\u015fanlarla daha iyi ileti\u015fim kurabilir, liderlik becerilerini geli\u015ftirebilir ve kariyerlerinde y\u00fckselebilirler. Ku\u015faklar aras\u0131 ileti\u015fim becerisi, i\u015f d\u00fcnyas\u0131n\u0131n de\u011fi\u015fen dinamiklerine adapte olma ve rekabet avantaj\u0131 elde etme a\u00e7\u0131s\u0131ndan kritik bir fakt\u00f6rd\u00fcr.<\/p>\n","protected":false},"excerpt":{"rendered":"<p>\u0130\u015f Ya\u015fam\u0131nda Ku\u015faklar Aras\u0131 \u0130leti\u015fim: Kariyerinde \u0130lerlemek \u0130steyen Gen\u00e7ler \u0130\u00e7in \u00d6nemli Bir E\u011fitim Giri\u015f: \u0130\u015f d\u00fcnyas\u0131n\u0131n h\u0131zla de\u011fi\u015fen dinamikleri, farkl\u0131<\/p>\n","protected":false},"author":1,"featured_media":0,"comment_status":"open","ping_status":"open","sticky":false,"template":"","format":"standard","meta":{"colormag_page_container_layout":"default_layout","colormag_page_sidebar_layout":"default_layout","footnotes":""},"categories":[4],"tags":[],"class_list":["post-4682","post","type-post","status-publish","format-standard","hentry","category-ders-calisma-tuyolari"],"_links":{"self":[{"href":"https:\/\/www.sorumatix.com\/blog\/wp-json\/wp\/v2\/posts\/4682","targetHints":{"allow":["GET"]}}],"collection":[{"href":"https:\/\/www.sorumatix.com\/blog\/wp-json\/wp\/v2\/posts"}],"about":[{"href":"https:\/\/www.sorumatix.com\/blog\/wp-json\/wp\/v2\/types\/post"}],"author":[{"embeddable":true,"href":"https:\/\/www.sorumatix.com\/blog\/wp-json\/wp\/v2\/users\/1"}],"replies":[{"embeddable":true,"href":"https:\/\/www.sorumatix.com\/blog\/wp-json\/wp\/v2\/comments?post=4682"}],"version-history":[{"count":0,"href":"https:\/\/www.sorumatix.com\/blog\/wp-json\/wp\/v2\/posts\/4682\/revisions"}],"wp:attachment":[{"href":"https:\/\/www.sorumatix.com\/blog\/wp-json\/wp\/v2\/media?parent=4682"}],"wp:term":[{"taxonomy":"category","embeddable":true,"href":"https:\/\/www.sorumatix.com\/blog\/wp-json\/wp\/v2\/categories?post=4682"},{"taxonomy":"post_tag","embeddable":true,"href":"https:\/\/www.sorumatix.com\/blog\/wp-json\/wp\/v2\/tags?post=4682"}],"curies":[{"name":"wp","href":"https:\/\/api.w.org\/{rel}","templated":true}]}}