{"id":4737,"date":"2023-11-16T03:53:07","date_gmt":"2023-11-16T03:53:07","guid":{"rendered":"https:\/\/www.sorumatix.com\/blog\/?p=4737"},"modified":"2023-11-16T03:53:07","modified_gmt":"2023-11-16T03:53:07","slug":"uluslararasi-isaret-dili-egitimi","status":"publish","type":"post","link":"https:\/\/www.sorumatix.com\/blog\/uluslararasi-isaret-dili-egitimi.html","title":{"rendered":"Uluslararas\u0131 \u0130\u015faret Dili E\u011fitimi"},"content":{"rendered":"<p><center><iframe loading=\"lazy\" width=\"560\" height=\"315\" src=\"https:\/\/www.youtube.com\/embed\/dj6yShhLYg8\" title=\"YouTube video player\" frameborder=\"0\" allow=\"accelerometer; autoplay; clipboard-write; encrypted-media; gyroscope; picture-in-picture; web-share\" allowfullscreen><\/iframe><\/center><\/p>\n<p>Uluslararas\u0131 \u0130\u015faret Dili E\u011fitimi: \u0130\u015fitme Engelliler i\u00e7in Bir K\u00f6pr\u00fc<\/p>\n<p>Giri\u015f:<\/p>\n<p>Merhaba! Bu makalede, i\u015fitme engelli bireylerin hayat\u0131nda \u00f6nemli bir rol oynayan Uluslararas\u0131 \u0130\u015faret Dili E\u011fitimi&#8217;nden bahsedece\u011fiz. \u0130\u015faret dilleri, i\u015fitme engelliler aras\u0131nda ileti\u015fim kurman\u0131n temel arac\u0131d\u0131r ve bu e\u011fitim, onlara kendilerini ifade etme ve d\u00fcnya ile etkile\u015fime ge\u00e7me f\u0131rsat\u0131 sunar. Gen\u00e7ler i\u00e7in kariyer geli\u015fiminde b\u00fcy\u00fck bir potansiyel ta\u015f\u0131yan bu alandaki f\u0131rsatlar\u0131 da ke\u015ffedece\u011fiz.<\/p>\n<p>1. Uluslararas\u0131 \u0130\u015faret Dili E\u011fitimi Nedir?<\/p>\n<p>&#8211; Uluslararas\u0131 \u0130\u015faret Dili E\u011fitimi, i\u015fitme engelli bireylere i\u015faret dilini anlama ve kullanma becerisi kazand\u0131ran bir e\u011fitim program\u0131d\u0131r.<\/p>\n<p>&#8211; \u0130\u015faret dili, g\u00f6rsel-gest\u00fcrel ifadeler ve hareketlerle ileti\u015fimi sa\u011flayan do\u011fal bir dil sistemidir.<\/p>\n<p>&#8211; Bu e\u011fitim, i\u015fitme engelli bireylerin sosyal ili\u015fkilerini g\u00fc\u00e7lendirir, ki\u015fisel geli\u015fimlerine katk\u0131da bulunur ve toplumda aktif bir \u015fekilde yer almalar\u0131n\u0131 sa\u011flar.<\/p>\n<p>2. Uluslararas\u0131 \u0130\u015faret Dili E\u011fitiminde Neler \u00d6\u011frenilir?<\/p>\n<p>&#8211; \u0130\u015faret dili alfabesi ve temel i\u015faretler: Bu temel bilgiler, i\u015fitme engelli bireylerin g\u00fcnl\u00fck ileti\u015fimde kullanabilecekleri en \u00f6nemli ara\u00e7lard\u0131r.<\/p>\n<p>&#8211; Dilbilgisi ve s\u00f6zc\u00fck da\u011farc\u0131\u011f\u0131: \u0130\u015faret dilinde do\u011fru c\u00fcmle yap\u0131lar\u0131 olu\u015fturmak ve \u00e7e\u015fitli konu\u015fma kal\u0131plar\u0131n\u0131 anlamak i\u00e7in bu konular \u00fczerinde \u00e7al\u0131\u015f\u0131l\u0131r.<\/p>\n<p>&#8211; \u0130\u015faret dili k\u00fclt\u00fcr\u00fc: \u0130\u015faret dili sadece bir dil de\u011fil, ayn\u0131 zamanda bir k\u00fclt\u00fcrd\u00fcr. Bu e\u011fitimde, i\u015fitme engelli topluluklar\u0131n\u0131n ya\u015fam tarzlar\u0131, de\u011ferleri ve gelenekleri hakk\u0131nda da bilgi verilir.<\/p>\n<p>3. Kariyer F\u0131rsatlar\u0131<\/p>\n<p>Uluslararas\u0131 \u0130\u015faret Dili E\u011fitimi alan gen\u00e7ler, \u00e7e\u015fitli kariyer f\u0131rsatlar\u0131na sahip olabilirler:<\/p>\n<p>&#8211; \u0130\u015faret dili terc\u00fcman\u0131: Toplant\u0131lar, konferanslar, medya yay\u0131nlar\u0131 gibi ortamlarda i\u015fitme engellilerle i\u015fitme sa\u011flayanlar aras\u0131nda ileti\u015fimi sa\u011flamak \u00fczere terc\u00fcmanl\u0131k yapabilirsiniz.<\/p>\n<p>&#8211; \u0130\u015fitme engelli dan\u0131\u015fman\u0131: \u0130\u015fletmeler veya kamu kurumlar\u0131, i\u015fitme engelli bireylere y\u00f6nelik politikalar\u0131 ve hizmetleri geli\u015ftirme konusunda uzmanlara ihtiya\u00e7 duyar.<\/p>\n<p>&#8211; E\u011fitimci: \u0130\u015faret dili \u00f6\u011fretmenli\u011fi yaparak, i\u015fitme engelli bireylere i\u015faret dilini \u00f6\u011fretebilir ve onlar\u0131n hayatlar\u0131nda b\u00fcy\u00fck bir etki yaratabilirsiniz.<\/p>\n<p>4. Gelecek Projeksiyonlar\u0131 ve Ara\u015ft\u0131rmalar<\/p>\n<p>Uluslararas\u0131 \u0130\u015faret Dili E\u011fitimi gelecekte de \u00f6nemini koruyacak ve potansiyel olarak daha fazla f\u0131rsat sunacakt\u0131r:<\/p>\n<p>&#8211; \u0130\u015faret dili teknolojileri: \u0130\u015fitme engelliler i\u00e7in yeni ileti\u015fim teknolojileri geli\u015ftirilmekte ve bu alanda s\u00fcrekli yenilikler ortaya \u00e7\u0131kmaktad\u0131r.<\/p>\n<p>&#8211; \u0130\u015faret dili ara\u015ft\u0131rmalar\u0131: \u0130\u015faret dili yap\u0131lar\u0131, dilbilgisi kurallar\u0131 ve i\u015faretlerin k\u00fclt\u00fcrel ba\u011flamlar\u0131 \u00fczerine yap\u0131lan ara\u015ft\u0131rmalar, i\u015faret dili e\u011fitimini daha da ileriye ta\u015f\u0131mak i\u00e7in \u00f6nemlidir. Bu ara\u015ft\u0131rmalar, i\u015fitme engelli bireylerin ileti\u015fim becerilerini geli\u015ftirmelerine ve daha etkili bir \u015fekilde topluma entegre olmalar\u0131na yard\u0131mc\u0131 olur.<\/p>\n<p>5. E\u011fitimin Zorluk Derecesi ve Sorumluluklar\u0131<\/p>\n<p>Uluslararas\u0131 \u0130\u015faret Dili E\u011fitimi almak, sab\u0131r ve kararl\u0131l\u0131k gerektiren bir s\u00fcre\u00e7tir. A\u015fa\u011f\u0131daki sorumluluklar\u0131 i\u00e7erebilir:<\/p>\n<p>&#8211; D\u00fczenli kat\u0131l\u0131m: E\u011fitim program\u0131na d\u00fczenli olarak kat\u0131l\u0131m sa\u011flamak ve \u00f6\u011frenme s\u00fcrecine aktif bir \u015fekilde dahil olmak \u00f6nemlidir.<\/p>\n<p>&#8211; Pratik yapma: \u0130\u015faret dili \u00f6\u011frenmek i\u00e7in teorik bilginin yan\u0131 s\u0131ra pratik yapmak da \u00f6nemlidir. \u0130\u015faret dilini g\u00fcnl\u00fck hayatta uygulamak i\u00e7in f\u0131rsatlar yaratmak gerekmektedir.<\/p>\n<p>&#8211; S\u00fcrekli \u00f6\u011frenme: \u0130\u015faret dili, s\u00fcrekli geli\u015fen ve de\u011fi\u015fen bir dil sistemidir. Yeni i\u015faretlerin ve ifadelerin ortaya \u00e7\u0131kabilece\u011fini g\u00f6zlemlemek ve kendini g\u00fcncel tutmak \u00f6nemlidir.<\/p>\n<p>6. \u00c7al\u0131\u015fma Olanaklar\u0131 ve Gelir D\u00fczeyi<\/p>\n<p>Uluslararas\u0131 \u0130\u015faret Dili E\u011fitimi alan ki\u015filer, i\u015fitme engelli bireylerle \u00e7al\u0131\u015fma ve onlara destek olma f\u0131rsat\u0131na sahip olurlar. Bu da \u00e7e\u015fitli \u00e7al\u0131\u015fma olanaklar\u0131n\u0131 beraberinde getirir. Gelir d\u00fczeyi, \u00e7al\u0131\u015fma alan\u0131na, deneyime ve yerel piyasa ko\u015fullar\u0131na ba\u011fl\u0131 olarak de\u011fi\u015febilir. \u0130\u015faret dili terc\u00fcmanlar\u0131, dan\u0131\u015fmanlar veya e\u011fitmenler olarak \u00e7al\u0131\u015farak gelir elde edebilirsiniz.<\/p>\n<p>Sonu\u00e7:<\/p>\n<p>Uluslararas\u0131 \u0130\u015faret Dili E\u011fitimi, i\u015fitme engelli bireylerin ileti\u015fim becerilerini geli\u015ftirmelerine yard\u0131mc\u0131 olan \u00f6nemli bir programd\u0131r. Bu e\u011fitimi alan gen\u00e7ler, i\u015faret dili terc\u00fcman\u0131, i\u015fitme engelli dan\u0131\u015fman\u0131 veya i\u015faret dili e\u011fitmeni gibi \u00e7e\u015fitli kariyer f\u0131rsatlar\u0131na sahip olabilirler. Ayr\u0131ca, i\u015faret dili teknolojileri ve ara\u015ft\u0131rmalar\u0131n\u0131n ilerlemesiyle birlikte gelecekte daha fazla f\u0131rsat\u0131n ortaya \u00e7\u0131kabilece\u011fi \u00f6ng\u00f6r\u00fclmektedir. Uluslararas\u0131 \u0130\u015faret Dili E\u011fitimi almak i\u00e7in sab\u0131r, kararl\u0131l\u0131k ve s\u00fcrekli \u00f6\u011frenme gerekmektedir. Bu e\u011fitim, i\u015fitme engelli bireylerle \u00e7al\u0131\u015fma f\u0131rsat\u0131 sunarken, gelir d\u00fczeyi de \u00e7al\u0131\u015fma alan\u0131na ve deneyime ba\u011fl\u0131 olarak de\u011fi\u015fiklik g\u00f6sterebilir. \u0130\u015faret dili e\u011fitimi, i\u015fitme engelliler i\u00e7in hayatlar\u0131nda bir k\u00f6pr\u00fc olu\u015fturarak onlar\u0131n kat\u0131l\u0131m\u0131n\u0131 ve ileti\u015fimini g\u00fc\u00e7lendirir.7. Uluslararas\u0131 \u0130\u015faret Dili E\u011fitimi ve Toplumsal Faydalar<\/p>\n<p>Uluslararas\u0131 \u0130\u015faret Dili E\u011fitimi, sadece i\u015fitme engelli bireyler i\u00e7in de\u011fil, toplumun genelinde de bir\u00e7ok fayda sa\u011flar:<\/p>\n<p>&#8211; \u0130\u015fitme engellilerin dahil edilmesi: \u0130\u015faret dili e\u011fitimi, i\u015fitme engelli bireylerin topluma tam kat\u0131l\u0131m\u0131n\u0131 sa\u011flamak i\u00e7in \u00f6nemli bir ad\u0131md\u0131r. \u0130leti\u015fim engellerini a\u015farak, i\u015fitme engelli bireylerin sosyal \u00e7evrelerini geni\u015fletebiliriz.<\/p>\n<p>&#8211; Fark\u0131ndal\u0131k ve empati: \u0130\u015faret dili e\u011fitimi alan ki\u015filer, i\u015fitme engelli insanlar\u0131n ya\u015fad\u0131\u011f\u0131 zorluklar\u0131 ve benzersiz deneyimleri daha iyi anlama konusunda fark\u0131ndal\u0131k kazan\u0131r. Bu da daha empatik bir toplumun olu\u015fmas\u0131na katk\u0131 sa\u011flar.<\/p>\n<p>&#8211; \u00c7ok k\u00fclt\u00fcrl\u00fcl\u00fck: \u0130\u015faret dili, dilbilimsel ve k\u00fclt\u00fcrel a\u00e7\u0131dan \u00e7ok \u00e7e\u015fitli bir aland\u0131r. \u0130\u015faret dili e\u011fitimi, farkl\u0131 k\u00fclt\u00fcrleri ve i\u015fitme engelli topluluklar\u0131n zenginliklerini anlamam\u0131z\u0131 sa\u011flar.<\/p>\n<p>8. \u0130\u015faret Dili E\u011fitimi ve Teknoloji<\/p>\n<p>Teknolojideki geli\u015fmeler, i\u015faret dili e\u011fitimini ve i\u015fitme engelli bireylerin ileti\u015fimini desteklemek i\u00e7in \u00f6nemli bir rol oynamaktad\u0131r:<\/p>\n<p>&#8211; \u0130\u015faret dili \u00e7eviri uygulamalar\u0131: Mobil uygulamalar ve di\u011fer teknolojik ara\u00e7lar, i\u015faret dili ile konu\u015fan ve i\u015faret dili anlamayan ki\u015filer aras\u0131nda h\u0131zl\u0131 bir ileti\u015fimi sa\u011flayabilir.<\/p>\n<p>&#8211; \u0130\u015faret dili alg\u0131lama sistemleri: Geli\u015fmi\u015f g\u00f6r\u00fcnt\u00fc i\u015fleme ve yapay zeka teknolojileri, i\u015faret dilini otomatik olarak alg\u0131layabilen sistemlerin geli\u015ftirilmesine olanak tan\u0131r. Bu da i\u015fitme engelli bireylerle etkile\u015fimde bulunan di\u011fer insanlar\u0131n daha kolay ileti\u015fim kurmas\u0131n\u0131 sa\u011flar.<\/p>\n<p>9. \u0130\u015faret Dili E\u011fitimi ve Kendini Geli\u015ftirme<\/p>\n<p>Uluslararas\u0131 \u0130\u015faret Dili E\u011fitimi, ki\u015fisel geli\u015fim a\u00e7\u0131s\u0131ndan da \u00f6nemli f\u0131rsatlar sunar:<\/p>\n<p>&#8211; \u0130leti\u015fim becerileri: \u0130\u015faret dili e\u011fitimi alarak, ileti\u015fim becerilerinizi geni\u015fletebilir ve farkl\u0131 bir dil \u00f6\u011frenme deneyimi ya\u015fayabilirsiniz.<\/p>\n<p>&#8211; K\u00fclt\u00fcrel fark\u0131ndal\u0131k: \u0130\u015faret dili e\u011fitimi, i\u015fitme engelli topluluklar\u0131n k\u00fclt\u00fcrel de\u011ferlerini, geleneklerini ve ya\u015fam tarzlar\u0131n\u0131 anlama \u015fans\u0131 verir.<\/p>\n<p>&#8211; Kariyer geli\u015fimi: \u0130\u015faret dili e\u011fitimi, i\u015fitme engellilere y\u00f6nelik hizmetlerin ve politikalar\u0131n geli\u015ftirilmesi alan\u0131nda kariyer f\u0131rsatlar\u0131 sunar.<\/p>\n<p>Sonu\u00e7 olarak, Uluslararas\u0131 \u0130\u015faret Dili E\u011fitimi, i\u015fitme engelli bireylerin ileti\u015fim becerilerini g\u00fc\u00e7lendirirken gen\u00e7ler i\u00e7in kariyer f\u0131rsatlar\u0131 da sunan \u00f6nemli bir aland\u0131r. Bu e\u011fitim, i\u015fitme engelli bireylerle \u00e7al\u0131\u015fma imkan\u0131 sa\u011flayarak toplumsal dahil olu\u015fu destekler. \u0130\u015faret dili teknolojilerindeki geli\u015fmelerle birlikte gelecekte daha fazla f\u0131rsat ortaya \u00e7\u0131kaca\u011f\u0131 \u00f6ng\u00f6r\u00fclmektedir. \u0130\u015faret dili e\u011fitimi alan ki\u015filer, i\u015fitme engellilerin ya\u015fad\u0131\u011f\u0131 zorluklar\u0131 anlamada daha empatik olur ve \u00e7ok k\u00fclt\u00fcrl\u00fc bir toplumun par\u00e7as\u0131<\/p>\n","protected":false},"excerpt":{"rendered":"<p>Uluslararas\u0131 \u0130\u015faret Dili E\u011fitimi: \u0130\u015fitme Engelliler i\u00e7in Bir K\u00f6pr\u00fc Giri\u015f: Merhaba! Bu makalede, i\u015fitme engelli bireylerin hayat\u0131nda \u00f6nemli bir rol<\/p>\n","protected":false},"author":1,"featured_media":0,"comment_status":"open","ping_status":"open","sticky":false,"template":"","format":"standard","meta":{"colormag_page_container_layout":"default_layout","colormag_page_sidebar_layout":"default_layout","footnotes":""},"categories":[4],"tags":[],"class_list":["post-4737","post","type-post","status-publish","format-standard","hentry","category-ders-calisma-tuyolari"],"_links":{"self":[{"href":"https:\/\/www.sorumatix.com\/blog\/wp-json\/wp\/v2\/posts\/4737","targetHints":{"allow":["GET"]}}],"collection":[{"href":"https:\/\/www.sorumatix.com\/blog\/wp-json\/wp\/v2\/posts"}],"about":[{"href":"https:\/\/www.sorumatix.com\/blog\/wp-json\/wp\/v2\/types\/post"}],"author":[{"embeddable":true,"href":"https:\/\/www.sorumatix.com\/blog\/wp-json\/wp\/v2\/users\/1"}],"replies":[{"embeddable":true,"href":"https:\/\/www.sorumatix.com\/blog\/wp-json\/wp\/v2\/comments?post=4737"}],"version-history":[{"count":1,"href":"https:\/\/www.sorumatix.com\/blog\/wp-json\/wp\/v2\/posts\/4737\/revisions"}],"predecessor-version":[{"id":4869,"href":"https:\/\/www.sorumatix.com\/blog\/wp-json\/wp\/v2\/posts\/4737\/revisions\/4869"}],"wp:attachment":[{"href":"https:\/\/www.sorumatix.com\/blog\/wp-json\/wp\/v2\/media?parent=4737"}],"wp:term":[{"taxonomy":"category","embeddable":true,"href":"https:\/\/www.sorumatix.com\/blog\/wp-json\/wp\/v2\/categories?post=4737"},{"taxonomy":"post_tag","embeddable":true,"href":"https:\/\/www.sorumatix.com\/blog\/wp-json\/wp\/v2\/tags?post=4737"}],"curies":[{"name":"wp","href":"https:\/\/api.w.org\/{rel}","templated":true}]}}