{"id":629,"date":"2023-08-28T17:48:26","date_gmt":"2023-08-28T17:48:26","guid":{"rendered":"https:\/\/www.sorumatix.com\/blog\/?p=629"},"modified":"2023-08-28T19:46:05","modified_gmt":"2023-08-28T19:46:05","slug":"yasadiginiz-cevrede-canli-ve-cansiz-varliklar-arasindaki-surekli-etkilesimler-nelerdir","status":"publish","type":"post","link":"https:\/\/www.sorumatix.com\/blog\/yasadiginiz-cevrede-canli-ve-cansiz-varliklar-arasindaki-surekli-etkilesimler-nelerdir.html","title":{"rendered":"Ya\u015fad\u0131\u011f\u0131n\u0131z \u00c7evrede Canl\u0131 ve Cans\u0131z Varl\u0131klar Aras\u0131ndaki S\u00fcrekli Etkile\u015fimler Nelerdir?"},"content":{"rendered":"<p><center><iframe loading=\"lazy\" title=\"YouTube video player\" src=\"https:\/\/www.youtube.com\/embed\/V_0BjPRa_Qw\" width=\"560\" height=\"315\" frameborder=\"0\" allowfullscreen=\"allowfullscreen\"><\/iframe><\/center><\/p>\n<h2>Canl\u0131 ve Cans\u0131z Varl\u0131klar Aras\u0131ndaki S\u00fcrekli Etkile\u015fimlerin \u00d6nemi ve \u00d6rnekleri<\/h2>\n<p><strong>Giri\u015f:<\/strong><\/p>\n<p>Ya\u015fad\u0131\u011f\u0131m\u0131z \u00e7evrede, canl\u0131 ve cans\u0131z varl\u0131klar aras\u0131nda s\u00fcrekli etkile\u015fimler meydana gelir. Bu etkile\u015fimler do\u011fal d\u00f6ng\u00fclerin i\u015fleyi\u015fini sa\u011flar ve ekosistemlerin dengeye ula\u015fmas\u0131n\u0131 sa\u011flar. Canl\u0131lar, do\u011fal kaynaklar\u0131 kullanarak ya\u015famlar\u0131n\u0131 s\u00fcrd\u00fcr\u00fcrken, cans\u0131z varl\u0131klar da bu s\u00fcre\u00e7te \u00f6nemli rol oynar. Bu makalede, canl\u0131 ve cans\u0131z varl\u0131klar aras\u0131ndaki s\u00fcrekli etkile\u015fimlerin \u00f6nemini ve \u00f6rneklerini inceleyece\u011fiz.<\/p>\n<p><strong>1. Hava ve Bitkiler:<\/strong><\/p>\n<p>Hava, bitkiler i\u00e7in hayati bir unsurdur. Bitkiler fotosentez yoluyla g\u00fcne\u015f enerjisini kullanarak karbondioksiti oksijene d\u00f6n\u00fc\u015ft\u00fcr\u00fcrler. Bu s\u00fcre\u00e7 sayesinde atmosferdeki karbondioksit miktar\u0131 azal\u0131rken, oksijen miktar\u0131 artar. Oksijen, di\u011fer canl\u0131lar\u0131n solunum s\u00fcrecinde kullan\u0131l\u0131rken, bitkiler de havadan ald\u0131klar\u0131 karbondioksiti kullanarak b\u00fcy\u00fcmelerini s\u00fcrd\u00fcr\u00fcrler. Bu \u015fekilde hava ve bitkiler aras\u0131nda s\u00fcrekli bir etkile\u015fim s\u00f6z konusudur.<\/p>\n<p><strong>2. Su ve Hayvanlar:<\/strong><\/p>\n<p>Su, hayvanlar i\u00e7in vazge\u00e7ilmez bir gereksinimdir. Hayvanlar suyu i\u00e7erek susuzlu\u011funu giderirler ve v\u00fccutlar\u0131n\u0131n i\u015flevlerini s\u00fcrd\u00fcrebilmeleri i\u00e7in suya ihtiya\u00e7 duyarlar. Ayn\u0131 zamanda su, bir\u00e7ok hayvan\u0131n ya\u015fam alan\u0131d\u0131r. Denizler, g\u00f6ller ve nehirler, bir\u00e7ok t\u00fcr\u00fcn habitat\u0131d\u0131r ve bu b\u00f6lgelerdeki su kaynaklar\u0131 canl\u0131lar\u0131n \u00fcremeleri, beslenmeleri ve korunmalar\u0131 i\u00e7in hayati \u00f6neme sahiptir.<\/p>\n<p><strong>3. Toprak ve Bitkiler:<\/strong><\/p>\n<p>Toprak, bitkilerin b\u00fcy\u00fcmesi ve beslenmesi i\u00e7in gereklidir. Bitkiler k\u00f6kleri arac\u0131l\u0131\u011f\u0131yla topraktan su ve mineraller al\u0131rken, topra\u011fa organik madde b\u0131rakarak onu zenginle\u015ftirirler. Bitkilerin b\u00fcy\u00fcmesiyle olu\u015fan \u00f6l\u00fc yapraklar ve d\u00f6k\u00fclen meyveler ise topra\u011f\u0131 besler ve do\u011fal g\u00fcbre olarak i\u015flev g\u00f6r\u00fcr. Bu s\u00fcre\u00e7, toprak ve bitkiler aras\u0131nda s\u00fcrekli bir etkile\u015fimin oldu\u011funu g\u00f6sterir.<\/p>\n<p><strong>4. Besin Zinciri:<\/strong><\/p>\n<p><center><img decoding=\"async\" src=\"https:\/\/www.sorumatix.com\/blog\/wp-content\/uploads\/2023\/08\/uploaded-image-1693219765167.jpg\" alt=\"2\" \/><\/center><center><\/center>Canl\u0131 varl\u0131klar aras\u0131ndaki etkile\u015fimler, besin zinciri sayesinde ger\u00e7ekle\u015fir. Bir canl\u0131n\u0131n avlanmas\u0131yla ba\u015flayan bu zincir, enerjinin aktar\u0131lmas\u0131 yoluyla devam eder. Bitkiler, g\u00fcne\u015f enerjisini kullanarak \u00fcrettikleri besinlerle besin zincirine ba\u015flang\u0131\u00e7 yaparlar. Ard\u0131ndan otobur hayvanlar, bitkileri t\u00fcketerek enerji elde ederler. Bu hayvanlar ise etoburlar\u0131n besin kayna\u011f\u0131d\u0131r. Besin zinciri, canl\u0131lar\u0131n birbirlerine ba\u011f\u0131ml\u0131 oldu\u011funu ve ekosistemin denge sa\u011flamak i\u00e7in s\u00fcrekli etkile\u015fim halinde oldu\u011funu g\u00f6sterir.<\/p>\n<p><strong>Sonu\u00e7:<\/strong><\/p>\n<p>Ya\u015fad\u0131\u011f\u0131m\u0131z \u00e7evrede canl\u0131 ve cans\u0131z varl\u0131klar aras\u0131ndaki s\u00fcrekli etkile\u015fimler, do\u011fal d\u00f6ng\u00fclerin i\u015fleyi\u015fini sa\u011flar ve ekosistemlerin dengeye ula\u015fmas\u0131n\u0131 sa\u011flar. Hava, su, toprak ve besin zinciri gibi fakt\u00f6rler, canl\u0131lar\u0131n ya\u015famlar\u0131n\u0131 s\u00fcrd\u00fcrebilmeleri i\u00e7in birbirleriyle etkile\u015fim halindedir. Bu etkile\u015fimlerin bilincinde olarak do\u011fal kaynaklar\u0131 korumak ves\u00fcrd\u00fcr\u00fclebilir bir \u00e7evre sa\u011flamak b\u00fcy\u00fck \u00f6nem ta\u015f\u0131r. \u0130nsanlar\u0131n do\u011fal kaynaklar\u0131 kullan\u0131rken dikkatli olmalar\u0131, kirlili\u011fi azaltmalar\u0131 ve do\u011fay\u0131 korumalar\u0131 gerekmektedir.<\/p>\n<p>Bu makalede, canl\u0131 ve cans\u0131z varl\u0131klar aras\u0131ndaki s\u00fcrekli etkile\u015fimlerin \u00f6nemini ve \u00f6rneklerini ele ald\u0131k. Hava ve bitkiler aras\u0131ndaki fotosentez s\u00fcreci, suyun hayvanlar i\u00e7in vazge\u00e7ilmez bir gereksinim oldu\u011fu, topra\u011f\u0131n bitkilerin b\u00fcy\u00fcmesi ve beslenmesi i\u00e7in \u00f6nemli oldu\u011fu, besin zinciri ile canl\u0131lar\u0131n birbirlerine ba\u011f\u0131ml\u0131 oldu\u011fu gibi \u00e7e\u015fitli \u00f6rnekler bu etkile\u015fimleri g\u00f6stermektedir.<\/p>\n<p>Ya\u015fad\u0131\u011f\u0131m\u0131z \u00e7evrenin dengesini korumak ve s\u00fcrd\u00fcr\u00fclebilir bir gelecek sa\u011flamak i\u00e7in bu etkile\u015fimleri anlamak ve de\u011ferini bilmek \u00f6nemlidir. Bu bilin\u00e7le hareket ederek do\u011fal kaynaklar\u0131 koruma, \u00e7evreye duyarl\u0131l\u0131k ve ekosistemlerin denge i\u00e7inde kalmas\u0131n\u0131 destekleme yolunda ad\u0131mlar atabiliriz. B\u00f6ylece canl\u0131 ve cans\u0131z varl\u0131klar aras\u0131ndaki s\u00fcrekli etkile\u015fimleri daha iyi anlayabilir, \u00e7evremizi koruyabilir ve ya\u015fam kalitemizi art\u0131rabiliriz.<\/p>\n<p>Do\u011fa dostu anahtar kelimeler i\u00e7eren ba\u015fl\u0131klar ve alt ba\u015fl\u0131klar kullanarak i\u00e7eri\u011finizi yap\u0131land\u0131rmak, okuyucular\u0131n\u0131z\u0131n kolayl\u0131kla bilgiye eri\u015fmesini sa\u011flayacakt\u0131r. \u00d6rne\u011fin, Canl\u0131 ve Cans\u0131z Varl\u0131klar Aras\u0131ndaki S\u00fcrekli Etkile\u015fimlerin \u00d6nemi gibi bir ba\u015fl\u0131k se\u00e7ebilirsiniz.<\/p>\n<p>Sonu\u00e7 olarak, canl\u0131 ve cans\u0131z varl\u0131klar aras\u0131ndaki s\u00fcrekli etkile\u015fimlerin \u00e7evremizdeki ekosistemleri ve ya\u015fam\u0131m\u0131z\u0131 nas\u0131l etkiledi\u011fini anlamak \u00f6nemlidir. Do\u011fal d\u00f6ng\u00fclerin i\u015fleyi\u015fini anlatmak, canl\u0131lar\u0131n birbirleriyle olan ba\u011flant\u0131lar\u0131n\u0131 vurgulamak ve \u00e7evresel fark\u0131ndal\u0131\u011f\u0131 art\u0131rmak i\u00e7in makalenizi \u00f6zg\u00fcn bir \u015fekilde olu\u015fturman\u0131z \u00f6nemlidir.<\/p>\n","protected":false},"excerpt":{"rendered":"<p>Canl\u0131 ve Cans\u0131z Varl\u0131klar Aras\u0131ndaki S\u00fcrekli Etkile\u015fimlerin \u00d6nemi ve \u00d6rnekleri Giri\u015f: Ya\u015fad\u0131\u011f\u0131m\u0131z \u00e7evrede, canl\u0131 ve cans\u0131z varl\u0131klar aras\u0131nda s\u00fcrekli etkile\u015fimler<\/p>\n","protected":false},"author":1,"featured_media":626,"comment_status":"open","ping_status":"open","sticky":false,"template":"","format":"standard","meta":{"colormag_page_container_layout":"default_layout","colormag_page_sidebar_layout":"default_layout","footnotes":""},"categories":[15],"tags":[],"class_list":["post-629","post","type-post","status-publish","format-standard","has-post-thumbnail","hentry","category-sosyal-bilimler-dersleri"],"_links":{"self":[{"href":"https:\/\/www.sorumatix.com\/blog\/wp-json\/wp\/v2\/posts\/629","targetHints":{"allow":["GET"]}}],"collection":[{"href":"https:\/\/www.sorumatix.com\/blog\/wp-json\/wp\/v2\/posts"}],"about":[{"href":"https:\/\/www.sorumatix.com\/blog\/wp-json\/wp\/v2\/types\/post"}],"author":[{"embeddable":true,"href":"https:\/\/www.sorumatix.com\/blog\/wp-json\/wp\/v2\/users\/1"}],"replies":[{"embeddable":true,"href":"https:\/\/www.sorumatix.com\/blog\/wp-json\/wp\/v2\/comments?post=629"}],"version-history":[{"count":3,"href":"https:\/\/www.sorumatix.com\/blog\/wp-json\/wp\/v2\/posts\/629\/revisions"}],"predecessor-version":[{"id":1130,"href":"https:\/\/www.sorumatix.com\/blog\/wp-json\/wp\/v2\/posts\/629\/revisions\/1130"}],"wp:featuredmedia":[{"embeddable":true,"href":"https:\/\/www.sorumatix.com\/blog\/wp-json\/wp\/v2\/media\/626"}],"wp:attachment":[{"href":"https:\/\/www.sorumatix.com\/blog\/wp-json\/wp\/v2\/media?parent=629"}],"wp:term":[{"taxonomy":"category","embeddable":true,"href":"https:\/\/www.sorumatix.com\/blog\/wp-json\/wp\/v2\/categories?post=629"},{"taxonomy":"post_tag","embeddable":true,"href":"https:\/\/www.sorumatix.com\/blog\/wp-json\/wp\/v2\/tags?post=629"}],"curies":[{"name":"wp","href":"https:\/\/api.w.org\/{rel}","templated":true}]}}