{"id":634,"date":"2023-08-29T13:48:26","date_gmt":"2023-08-29T13:48:26","guid":{"rendered":"https:\/\/www.sorumatix.com\/blog\/?p=634"},"modified":"2023-08-29T17:22:59","modified_gmt":"2023-08-29T17:22:59","slug":"ekolojik-ayak-izi-nedir","status":"publish","type":"post","link":"https:\/\/www.sorumatix.com\/blog\/ekolojik-ayak-izi-nedir.html","title":{"rendered":"Ekolojik Ayak \u0130zi Nedir?"},"content":{"rendered":"<p><center><iframe loading=\"lazy\" title=\"YouTube video player\" src=\"https:\/\/www.youtube.com\/embed\/_aIh94XUKBE\" width=\"560\" height=\"315\" frameborder=\"0\" allowfullscreen=\"allowfullscreen\"><\/iframe><\/center><\/p>\n<h2>Ekolojik Ayak \u0130zi Nedir? &#8211; \u00c7evremizdeki Etkimizi Anlamak<\/h2>\n<h3>Giri\u015f<\/h3>\n<p>Ekolojik ayak izi, bireylerin ve toplumlar\u0131n do\u011fal kaynaklar \u00fczerindeki etkisini \u00f6l\u00e7mek i\u00e7in kullan\u0131lan bir kavramd\u0131r. Bu kavram, insan faaliyetlerinin \u00e7evreye olan etkisini de\u011ferlendirerek s\u00fcrd\u00fcr\u00fclebilirlik \u00e7abalar\u0131na \u0131\u015f\u0131k tutar. Ekolojik ayak izi hesaplamalar\u0131, ki\u015filerin enerji t\u00fcketimi, su kullan\u0131m\u0131, at\u0131k \u00fcretimi ve di\u011fer kaynak kullan\u0131mlar\u0131n\u0131 i\u00e7eren bir dizi fakt\u00f6r\u00fc de\u011ferlendirir.<\/p>\n<h3>1. Ekolojik Ayak \u0130zi Tan\u0131m\u0131 ve \u00d6nemi<\/h3>\n<p>Ekolojik ayak izi, bir ki\u015finin veya toplulu\u011fun do\u011fal kaynaklar\u0131 t\u00fcketme ve do\u011faya zarar verme \u015feklini \u00f6l\u00e7en bir kavramd\u0131r. \u0130nsan faaliyetleri, karbondioksit emisyonlar\u0131, su t\u00fcketimi, enerji kullan\u0131m\u0131, yiyecek t\u00fcketimi ve di\u011fer kaynaklar\u0131n kullan\u0131m\u0131 gibi fakt\u00f6rlerden dolay\u0131 ekosisteme etki eder. Ekolojik ayak izi hesaplamalar\u0131, bu etkileri nicel olarak \u00f6l\u00e7erek s\u00fcrd\u00fcr\u00fclebilirlik \u00e7abalar\u0131n\u0131 destekler.<\/p>\n<p><center><img decoding=\"async\" src=\"https:\/\/www.sorumatix.com\/blog\/wp-content\/uploads\/2023\/08\/uploaded-image-1693219768751.jpg\" alt=\"1\" \/><\/center><\/p>\n<h3>2. Ekolojik Ayak \u0130zinin Hesaplanmas\u0131<\/h3>\n<p>Ekolojik ayak izi hesaplamalar\u0131, \u00e7e\u015fitli metrikler kullan\u0131larak yap\u0131l\u0131r. Bu metrikler, bir ki\u015finin veya toplulu\u011fun enerji t\u00fcketimi, ula\u015f\u0131m al\u0131\u015fkanl\u0131klar\u0131, g\u0131da kaynaklar\u0131, at\u0131k \u00fcretimi ve di\u011fer kaynak kullan\u0131mlar\u0131n\u0131 i\u00e7erir. Karbondioksit emisyonlar\u0131, genellikle ekolojik ayak izinin en \u00f6nemli bile\u015fenlerinden biridir. Bunlar\u0131n yan\u0131 s\u0131ra, su kullan\u0131m\u0131, tar\u0131m uygulamalar\u0131 ve di\u011fer \u00e7evresel etkiler de de\u011ferlendirilir. Hesaplama y\u00f6ntemleri karma\u015f\u0131k olabilir, ancak bu veriler, ki\u015filer ve toplumlar i\u00e7in \u00e7evre dostu davran\u0131\u015flar\u0131 vurgulayarak ekolojik ayak izini azaltmak i\u00e7in rehberlik sa\u011flar.<\/p>\n<p><center><img decoding=\"async\" src=\"https:\/\/www.sorumatix.com\/blog\/wp-content\/uploads\/2023\/08\/uploaded-image-1693219769147.jpg\" alt=\"2\" \/><\/center><\/p>\n<h3>3. Ekolojik Ayak \u0130zi ve S\u00fcrd\u00fcr\u00fclebilirlik<\/h3>\n<p>Ekolojik ayak izi hesaplamalar\u0131, s\u00fcrd\u00fcr\u00fclebilirlik \u00e7abalar\u0131nda \u00f6nemli bir rol oynar. Do\u011fal kaynaklar\u0131n s\u0131n\u0131rl\u0131 oldu\u011funu ve insan faaliyetlerinin gezegenimize olan etkisini anlamak, s\u00fcrd\u00fcr\u00fclebilirlik ilkelerine uygun hareket etmek i\u00e7in hayati \u00f6neme sahiptir. Ekolojik ayak izini azaltmak i\u00e7in enerji verimlili\u011fine yat\u0131r\u0131m yap\u0131lmas\u0131, yenilenebilir enerji kaynaklar\u0131na ge\u00e7i\u015f, su tasarrufu, geri d\u00f6n\u00fc\u015f\u00fcm ve s\u00fcrd\u00fcr\u00fclebilir tar\u0131m gibi \u00f6nlemler al\u0131nabilir. Ekolojik ayak izi hesaplamalar\u0131, bireylerin ve toplumlar\u0131n \u00e7evresel etkilerini anlamalar\u0131na ve s\u00fcrd\u00fcr\u00fclebilirlik yolunda ad\u0131mlar atmalar\u0131na yard\u0131mc\u0131 olur.<\/p>\n<h3>4. Ekolojik Ayak \u0130zi ve Toplumsal Sorumluluk<\/h3>\n<p>Ekolojik ayak izi hesaplamalar\u0131, bireysel ve toplumsal d\u00fczeyde \u00e7evresel sorumlulu\u011fun fark\u0131nda olmam\u0131z\u0131 sa\u011flar. Kaynak kullan\u0131m\u0131 ve \u00e7evresel etkileri de\u011ferlendirmek, ki\u015fisel se\u00e7imler devam ediyor:<\/p>\n<p>ve toplumsal politikalar\u0131n belirlenmesinde \u00f6nemli bir rol oynar. B\u00fcy\u00fck \u00f6l\u00e7ekli end\u00fcstriyel faaliyetlerin yan\u0131 s\u0131ra, bireysel se\u00e7imler de ekolojik ayak izimizi etkiler. S\u00fcrd\u00fcr\u00fclebilirlik bilinciyle hareket etmek, gelecek nesiller i\u00e7in daha sa\u011fl\u0131kl\u0131 bir \u00e7evre b\u0131rakmam\u0131z\u0131 ve do\u011fal kaynaklar\u0131 korumam\u0131z\u0131 sa\u011flar.<\/p>\n<h3>Sonu\u00e7<\/h3>\n<p>Ekolojik ayak izi, do\u011fal kaynaklar\u0131n t\u00fcketimi ve \u00e7evresel etkilerimizin \u00f6l\u00e7\u00fclmesine y\u00f6nelik bir ara\u00e7t\u0131r. Bu kavram, s\u00fcrd\u00fcr\u00fclebilirlik hedeflerini desteklemek ve \u00e7evre dostu davran\u0131\u015flar\u0131 te\u015fvik etmek i\u00e7in kullan\u0131l\u0131r. Ekolojik ayak izini azaltmak, daha s\u00fcrd\u00fcr\u00fclebilir bir gelecek i\u00e7in ataca\u011f\u0131m\u0131z ad\u0131mlarda b\u00fcy\u00fck bir rol oynar. Toplum olarak \u00e7evresel sorumlulu\u011fumuzun bilincinde olmal\u0131 ve do\u011fal kaynaklar\u0131 korumak i\u00e7in ad\u0131mlar atmaya devam etmeliyiz.Devam ediyor:<\/p>\n<h3>Ekolojik Ayak \u0130zi ve Ki\u015fisel Eylemler<\/h3>\n<p>Her birey, g\u00fcnl\u00fck hayatta yapaca\u011f\u0131 k\u00fc\u00e7\u00fck de\u011fi\u015fikliklerle ekolojik ayak izini azaltmaya katk\u0131da bulunabilir. Bunlar aras\u0131nda enerji tasarrufu yapmak i\u00e7in ak\u0131ll\u0131 ev teknolojilerini kullanmak, yenilenebilir enerji kaynaklar\u0131na ge\u00e7mek, geri d\u00f6n\u00fc\u015f\u00fcm yapmak, s\u00fcrd\u00fcr\u00fclebilir tar\u0131m \u00fcr\u00fcnleri tercih etmek ve ula\u015f\u0131mda toplu ta\u015f\u0131ma veya bisiklet gibi \u00e7evre dostu se\u00e7enekleri tercih etmek yer al\u0131r. Bu basit eylemlerle her birey, toplumsal d\u00fczeyde \u00e7evresel etkileri azaltarak daha s\u00fcrd\u00fcr\u00fclebilir bir gelece\u011fe katk\u0131 sa\u011flayabilir.<\/p>\n<h3>Ekolojik Ayak \u0130zi ve Toplumsal Politikalar<\/h3>\n<p><center><img decoding=\"async\" src=\"https:\/\/www.sorumatix.com\/blog\/wp-content\/uploads\/2023\/08\/uploaded-image-1693219769505.jpg\" alt=\"3\" \/><\/center>Ekolojik ayak izinin azalt\u0131lmas\u0131, bireysel \u00e7abalarla s\u0131n\u0131rl\u0131 kalmayacak \u015fekilde toplumsal politikalara da odaklanmay\u0131 gerektirir. H\u00fck\u00fcmetler, \u015firketler ve kurulu\u015flar s\u00fcrd\u00fcr\u00fclebilirlik ilkelerini benimsemeli ve \u00e7evre dostu uygulamalar\u0131 te\u015fvik etmelidir. Yenilenebilir enerji projelerine yat\u0131r\u0131m yap\u0131lmal\u0131, enerji verimlili\u011fi standartlar\u0131 geli\u015ftirilmeli, at\u0131k y\u00f6netimi sistemleri g\u00fc\u00e7lendirilmeli ve \u00e7evre dostu ula\u015f\u0131m se\u00e7enekleri te\u015fvik edilmelidir. Toplumsal politikalardaki \u00e7evresel odakl\u0131 ad\u0131mlar, geni\u015f bir etki yarat\u0131r ve ekolojik ayak izini azaltmada \u00f6nemli bir rol oynar.<\/p>\n<h3>Sonu\u00e7<\/h3>\n<p>Ekolojik ayak izi, bireylerin ve toplumlar\u0131n do\u011fal kaynaklar \u00fczerindeki etkisini \u00f6l\u00e7mek i\u00e7in \u00f6nemli bir ara\u00e7t\u0131r. Ki\u015fisel eylemlerle ba\u015flayarak, enerji t\u00fcketimini azaltmak, su tasarrufu yapmak, geri d\u00f6n\u00fc\u015f\u00fcm yapmak gibi basit ad\u0131mlarla herkes ekolojik ayak izini azaltabilir. Bunun yan\u0131 s\u0131ra, toplumsal d\u00fczeyde \u00e7evresel politikalar\u0131n benimsenmesi ve uygulanmas\u0131 da b\u00fcy\u00fck \u00f6nem ta\u015f\u0131r. Ekolojik ayak izini azaltarak, daha s\u00fcrd\u00fcr\u00fclebilir bir gelecek i\u00e7in ad\u0131mlar atm\u0131\u015f oluruz.<\/p>\n","protected":false},"excerpt":{"rendered":"<p>Ekolojik Ayak \u0130zi Nedir? &#8211; \u00c7evremizdeki Etkimizi Anlamak Giri\u015f Ekolojik ayak izi, bireylerin ve toplumlar\u0131n do\u011fal kaynaklar \u00fczerindeki etkisini \u00f6l\u00e7mek<\/p>\n","protected":false},"author":1,"featured_media":630,"comment_status":"open","ping_status":"open","sticky":false,"template":"","format":"standard","meta":{"colormag_page_container_layout":"default_layout","colormag_page_sidebar_layout":"default_layout","footnotes":""},"categories":[14],"tags":[],"class_list":["post-634","post","type-post","status-publish","format-standard","has-post-thumbnail","hentry","category-bilgisayar-bilimleri-dersleri"],"_links":{"self":[{"href":"https:\/\/www.sorumatix.com\/blog\/wp-json\/wp\/v2\/posts\/634","targetHints":{"allow":["GET"]}}],"collection":[{"href":"https:\/\/www.sorumatix.com\/blog\/wp-json\/wp\/v2\/posts"}],"about":[{"href":"https:\/\/www.sorumatix.com\/blog\/wp-json\/wp\/v2\/types\/post"}],"author":[{"embeddable":true,"href":"https:\/\/www.sorumatix.com\/blog\/wp-json\/wp\/v2\/users\/1"}],"replies":[{"embeddable":true,"href":"https:\/\/www.sorumatix.com\/blog\/wp-json\/wp\/v2\/comments?post=634"}],"version-history":[{"count":2,"href":"https:\/\/www.sorumatix.com\/blog\/wp-json\/wp\/v2\/posts\/634\/revisions"}],"predecessor-version":[{"id":1570,"href":"https:\/\/www.sorumatix.com\/blog\/wp-json\/wp\/v2\/posts\/634\/revisions\/1570"}],"wp:featuredmedia":[{"embeddable":true,"href":"https:\/\/www.sorumatix.com\/blog\/wp-json\/wp\/v2\/media\/630"}],"wp:attachment":[{"href":"https:\/\/www.sorumatix.com\/blog\/wp-json\/wp\/v2\/media?parent=634"}],"wp:term":[{"taxonomy":"category","embeddable":true,"href":"https:\/\/www.sorumatix.com\/blog\/wp-json\/wp\/v2\/categories?post=634"},{"taxonomy":"post_tag","embeddable":true,"href":"https:\/\/www.sorumatix.com\/blog\/wp-json\/wp\/v2\/tags?post=634"}],"curies":[{"name":"wp","href":"https:\/\/api.w.org\/{rel}","templated":true}]}}