{"id":645,"date":"2023-08-28T15:18:26","date_gmt":"2023-08-28T15:18:26","guid":{"rendered":"https:\/\/www.sorumatix.com\/blog\/?p=645"},"modified":"2023-08-28T20:11:35","modified_gmt":"2023-08-28T20:11:35","slug":"insan-ve-doga-arasindaki-etkilesimin-olumlu-ve-olumsuz-yanlari-nelerdir","status":"publish","type":"post","link":"https:\/\/www.sorumatix.com\/blog\/insan-ve-doga-arasindaki-etkilesimin-olumlu-ve-olumsuz-yanlari-nelerdir.html","title":{"rendered":"\u0130nsan ve Do\u011fa Aras\u0131ndaki Etkile\u015fimin Olumlu ve Olumsuz Yanlar\u0131 Nelerdir?"},"content":{"rendered":"<p><center><iframe loading=\"lazy\" title=\"YouTube video player\" src=\"https:\/\/www.youtube.com\/embed\/FGaIosrg-dw\" width=\"560\" height=\"315\" frameborder=\"0\" allowfullscreen=\"allowfullscreen\"><\/iframe><\/center>\u0130nsan ve do\u011fa aras\u0131ndaki etkile\u015fim, hem olumlu hem de olumsuz y\u00f6nler i\u00e7erir. Bu etkile\u015fimin sonucunda do\u011fan\u0131n insanlar\u0131 beslemesi, bar\u0131nd\u0131rmas\u0131 ve sa\u011fl\u0131kl\u0131 bir \u00e7evre sunmas\u0131 gibi faydalar ortaya \u00e7\u0131kabilirken, do\u011fal kaynaklar\u0131n a\u015f\u0131r\u0131 kullan\u0131m\u0131, kirlilik ve iklim de\u011fi\u015fikli\u011fi gibi sorunlar da ortaya \u00e7\u0131kabilir. A\u015fa\u011f\u0131da, insan ve do\u011fa aras\u0131ndaki bu etkile\u015fimin olumlu ve olumsuz yanlar\u0131n\u0131 ele alan \u00f6zg\u00fcn bir makale yer almaktad\u0131r:<\/p>\n<p><center><img decoding=\"async\" src=\"https:\/\/www.sorumatix.com\/blog\/wp-content\/uploads\/2023\/08\/uploaded-image-1693219773395.jpg\" alt=\"1\" \/><\/center>&#8212;<\/p>\n<p>\u0130nsan ve Do\u011fa Aras\u0131ndaki Etkile\u015fimin Olumlu ve Olumsuz Yanlar\u0131<\/p>\n<p>Do\u011fa, insanl\u0131k i\u00e7in hayati \u00f6neme sahip olan kaynaklar\u0131 ve ya\u015fam alanlar\u0131n\u0131 sunan b\u00fcy\u00fcleyici bir varl\u0131kt\u0131r. \u0130nsanlar ise do\u011fayla s\u00fcrekli etkile\u015fim halindedir ve onu \u015fekillendirirken bir\u00e7ok sonu\u00e7la kar\u015f\u0131la\u015f\u0131r. \u0130nsan ve do\u011fa aras\u0131ndaki bu etkile\u015fim hem olumlu hem de olumsuz y\u00f6nler i\u00e7ermektedir.<\/p>\n<p><center><img decoding=\"async\" src=\"https:\/\/www.sorumatix.com\/blog\/wp-content\/uploads\/2023\/08\/uploaded-image-1693219773707.jpg\" alt=\"2\" \/><\/center>Olumlu etkile\u015fimlerden biri, do\u011fan\u0131n insanlar\u0131 beslemesi ve bar\u0131nd\u0131rmas\u0131d\u0131r. Tar\u0131m, do\u011fal kaynaklar\u0131n kullan\u0131m\u0131yla elde edilen bir faaliyettir ve d\u00fcnyan\u0131n g\u0131da ihtiyac\u0131n\u0131 kar\u015f\u0131lamada kritik bir rol oynamaktad\u0131r. \u0130nsanlar do\u011fadan elde ettikleri \u00fcr\u00fcnlerle beslenirken, ormanlar ve di\u011fer do\u011fal alanlar da ya\u015fam alanlar\u0131 olarak hizmet eder. Bu \u015fekilde, do\u011fa insanlar\u0131n hayatta kalmas\u0131na ve refah\u0131n\u0131 artt\u0131rmas\u0131na yard\u0131mc\u0131 olur.<\/p>\n<p>Ayr\u0131ca, do\u011fa insanlar\u0131n fiziksel ve zihinsel sa\u011fl\u0131\u011f\u0131 \u00fczerinde de olumlu etkiler sa\u011flar. Do\u011fayla temas, stresi azalt\u0131r, zihni dinlendirir ve iyile\u015ftirici bir etki yarat\u0131r. Y\u00fcr\u00fcy\u00fc\u015f yapmak, piknik yapmak veya do\u011fal g\u00fczellikleri ke\u015ffetmek gibi do\u011fa aktiviteleri, insanlar\u0131n sa\u011fl\u0131k ve mutluluk d\u00fczeyini artt\u0131r\u0131r. Do\u011fan\u0131n i\u00e7inde bulunmak, insanlar\u0131n ba\u011f\u0131\u015f\u0131kl\u0131k sistemini g\u00fc\u00e7lendirir ve psikolojik iyilik halini destekler.<\/p>\n<p>Ancak, bu etkile\u015fim ayn\u0131 zamanda olumsuz sonu\u00e7lar da do\u011furabilir. \u0130nsan faaliyetleri do\u011fal kaynaklar\u0131n a\u015f\u0131r\u0131 kullan\u0131m\u0131na yol a\u00e7abilir. Ormanlar\u0131n tahrip edilmesi, su kaynaklar\u0131n\u0131n t\u00fckenmesi ve biyo\u00e7e\u015fitlilik kayb\u0131 gibi sorunlar ortaya \u00e7\u0131kar. Ayr\u0131ca, end\u00fcstriyel kirlilik, hava ve su kirlili\u011fi gibi \u00e7evresel sorunlar da insan etkile\u015fiminin bir sonucudur. Bu olumsuz etkiler do\u011fan\u0131n dengesini bozar ve gelecek nesillerin ya\u015fam kalitesini olumsuz etkiler.<\/p>\n<p>\u0130klim de\u011fi\u015fikli\u011fi, insan ve do\u011fa aras\u0131ndaki etkile\u015fimin en b\u00fcy\u00fck olumsuz sonu\u00e7lar\u0131ndan biridir. Fosil yak\u0131tlar\u0131n yanmas\u0131, ormans\u0131zla\u015fma ve sera gaz\u0131 emisyonlar\u0131 gibi insan faaliyetleri, d\u00fcnya \u00e7ap\u0131nda s\u0131cakl\u0131k art\u0131\u015f\u0131na ve iklimin dengesinin bozulmas\u0131na neden olur. Bu da seller, kurakl\u0131k, deniz seviyesi y\u00fckselmesi gibi do\u011fal afetlerin artmas\u0131na yol a\u00e7ar. \u0130klim de\u011fi\u015fikli\u011fi do\u011fan\u0131n ve insanlar\u0131n sa\u011fl\u0131\u011f\u0131n\u0131, ekonomik sistemleri ve sosyal dengeleri tehdit eder.<\/p>\n<p>Sonu\u00e7 olarak, insan ve do\u011fa aras\u0131ndaki etkile\u015fim hem olumlu hem de olumsuz yanlar i\u00e7ermektedir. Do\u011fa, insanlara besin, bar\u0131nma ve sa\u011fl\u0131k gibi \u00f6nemli kaynaklarsunarken, insanlar\u0131n do\u011fal kaynaklar\u0131 a\u015f\u0131r\u0131 kullan\u0131m\u0131, kirlilik ve iklim de\u011fi\u015fikli\u011fi gibi sorunlara yol a\u00e7ma potansiyeli vard\u0131r. Bu nedenle, s\u00fcrd\u00fcr\u00fclebilir ve dengeli bir etkile\u015fim sa\u011flamak \u00f6nemlidir.<\/p>\n<p>Olumlu etkile\u015fimlerin art\u0131r\u0131lmas\u0131 i\u00e7in \u00e7evre koruma ve s\u00fcrd\u00fcr\u00fclebilirlik \u00f6nlemleri al\u0131nmal\u0131d\u0131r. Ormanlar\u0131n ve di\u011fer do\u011fal alanlar\u0131n korunmas\u0131, tar\u0131m\u0131n verimlili\u011finin art\u0131r\u0131lmas\u0131, su kaynaklar\u0131n\u0131n s\u00fcrd\u00fcr\u00fclebilir kullan\u0131m\u0131 gibi ad\u0131mlar at\u0131lmal\u0131d\u0131r. Ayr\u0131ca, \u00e7evreye duyarl\u0131 teknolojilerin kullan\u0131m\u0131 te\u015fvik edilmeli ve enerji verimlili\u011fi \u00f6n planda tutulmal\u0131d\u0131r.<\/p>\n<p>Bireyler olarak, do\u011fayla uyumlu ya\u015fam tarzlar\u0131 benimsemeliyiz. Geri d\u00f6n\u00fc\u015f\u00fcm yapmak, enerji tasarrufu sa\u011flamak, suyu israf etmemek gibi basit \u00f6nlemlerle \u00e7evresel etkilerimizi azaltabiliriz. Ayn\u0131 zamanda do\u011fadaki canl\u0131 t\u00fcrlerine sayg\u0131 g\u00f6stermeli ve biyo\u00e7e\u015fitlili\u011fi korumak i\u00e7in \u00e7aba sarf etmeliyiz.<\/p>\n<p><center><img decoding=\"async\" src=\"https:\/\/www.sorumatix.com\/blog\/wp-content\/uploads\/2023\/08\/uploaded-image-1693219773985.jpg\" alt=\"3\" \/><\/center>E\u011fitim de bu s\u00fcre\u00e7te \u00f6nemli bir rol oynar. \u0130lkokul \u00f6\u011frencilerine do\u011fa sevgisi, \u00e7evre bilinci ve s\u00fcrd\u00fcr\u00fclebilirlik konular\u0131nda e\u011fitim vermek, gelecek nesillerin do\u011fay\u0131 koruma a\u00e7\u0131s\u0131ndan daha bilin\u00e7li olmalar\u0131n\u0131 sa\u011flar. \u0130lgili derslerde do\u011fal \u00e7evreyle etkile\u015fimleri anlamalar\u0131 ve do\u011fa dostu davran\u0131\u015flar\u0131 \u00f6\u011frenmeleri te\u015fvik edilmelidir.<\/p>\n<p>\u0130nsan ve do\u011fa aras\u0131ndaki etkile\u015fimin olumlu y\u00f6nleri, insanlar\u0131n hayatta kalmas\u0131 ve refah\u0131n\u0131n artmas\u0131 i\u00e7in \u00f6nemlidir. Ancak, olumsuz etkileri de g\u00f6z ard\u0131 etmemek gerekir. S\u00fcrd\u00fcr\u00fclebilirlik ve \u00e7evre koruma \u00e7abalar\u0131yla, do\u011fa ile uyumlu bir ya\u015fam tarz\u0131 benimseyerek bu olumsuz etkileri en aza indirmek m\u00fcmk\u00fcnd\u00fcr.\u0130nsanlar ve do\u011fa aras\u0131ndaki etkile\u015fimin olumlu ve olumsuz yanlar\u0131na dair fark\u0131ndal\u0131k yaratmak da \u00f6nemlidir. Toplumun genel olarak \u00e7evre konular\u0131na duyarl\u0131 olmas\u0131 i\u00e7in bilin\u00e7lendirme kampanyalar\u0131 d\u00fczenlenmeli ve medya arac\u0131l\u0131\u011f\u0131yla do\u011fa koruma ve s\u00fcrd\u00fcr\u00fclebilirlik mesajlar\u0131 yay\u0131lmal\u0131d\u0131r. \u0130nsanlar\u0131n do\u011fayla uyumlu ya\u015famaya te\u015fvik edilmesi, toplumsal bir de\u011fi\u015fim sa\u011flayabilir.<\/p>\n<p>Ayr\u0131ca, insan ve do\u011fa aras\u0131ndaki etkile\u015fimi dengelemek i\u00e7in do\u011fal kaynaklar\u0131n s\u00fcrd\u00fcr\u00fclebilir bir \u015fekilde y\u00f6netilmesi gerekmektedir. Ormanlar\u0131n s\u00fcrd\u00fcr\u00fclebilir \u015fekilde kullan\u0131m\u0131, su kaynaklar\u0131n\u0131n etkin bir \u015fekilde korunmas\u0131, tar\u0131m\u0131n verimlili\u011finin art\u0131r\u0131lmas\u0131 gibi ad\u0131mlar bu dengeyi sa\u011flamada \u00f6nemlidir. Ayn\u0131 zamanda \u00e7evre politikalar\u0131n\u0131n olu\u015fturulmas\u0131 ve uygulanmas\u0131, do\u011fan\u0131n korunmas\u0131 ve insanlar\u0131n refah\u0131n\u0131n g\u00f6zetilmesi a\u00e7\u0131s\u0131ndan b\u00fcy\u00fck bir role sahiptir.<\/p>\n<p>Sonu\u00e7 olarak, insan ve do\u011fa aras\u0131ndaki etkile\u015fim hem olumlu hem de olumsuz sonu\u00e7lar do\u011furur. Do\u011fa, insanlar\u0131n hayatta kalmas\u0131, beslenmesi ve sa\u011fl\u0131kl\u0131 bir ya\u015fam s\u00fcrd\u00fcrmesi i\u00e7in gerekli olan kaynaklar\u0131 sa\u011flar. Ancak, do\u011fal kaynaklar\u0131n a\u015f\u0131r\u0131 kullan\u0131m\u0131, kirlilik ve iklim de\u011fi\u015fikli\u011fi gibi insan etkile\u015fiminin olumsuz sonu\u00e7lar\u0131na yol a\u00e7abilir. Bu nedenle, s\u00fcrd\u00fcr\u00fclebilirlik ve \u00e7evre koruma \u00f6nlemlerinin al\u0131nmas\u0131, do\u011fa ile uyumlu bir ya\u015fam tarz\u0131n\u0131n benimsenmesi ve e\u011fitimin bu konuda bilin\u00e7lendirici bir rol oynamas\u0131 gerekmektedir. \u0130nsanlar\u0131n do\u011fay\u0131 koruma ve s\u00fcrd\u00fcr\u00fclebilir bir gelecek in\u015fa etme sorumlulu\u011fu vard\u0131r.<\/p>\n<p>&nbsp;<\/p>\n","protected":false},"excerpt":{"rendered":"<p>\u0130nsan ve do\u011fa aras\u0131ndaki etkile\u015fim, hem olumlu hem de olumsuz y\u00f6nler i\u00e7erir. Bu etkile\u015fimin sonucunda do\u011fan\u0131n insanlar\u0131 beslemesi, bar\u0131nd\u0131rmas\u0131 ve<\/p>\n","protected":false},"author":1,"featured_media":642,"comment_status":"open","ping_status":"open","sticky":false,"template":"","format":"standard","meta":{"colormag_page_container_layout":"default_layout","colormag_page_sidebar_layout":"default_layout","footnotes":""},"categories":[15],"tags":[],"class_list":["post-645","post","type-post","status-publish","format-standard","has-post-thumbnail","hentry","category-sosyal-bilimler-dersleri"],"_links":{"self":[{"href":"https:\/\/www.sorumatix.com\/blog\/wp-json\/wp\/v2\/posts\/645","targetHints":{"allow":["GET"]}}],"collection":[{"href":"https:\/\/www.sorumatix.com\/blog\/wp-json\/wp\/v2\/posts"}],"about":[{"href":"https:\/\/www.sorumatix.com\/blog\/wp-json\/wp\/v2\/types\/post"}],"author":[{"embeddable":true,"href":"https:\/\/www.sorumatix.com\/blog\/wp-json\/wp\/v2\/users\/1"}],"replies":[{"embeddable":true,"href":"https:\/\/www.sorumatix.com\/blog\/wp-json\/wp\/v2\/comments?post=645"}],"version-history":[{"count":1,"href":"https:\/\/www.sorumatix.com\/blog\/wp-json\/wp\/v2\/posts\/645\/revisions"}],"predecessor-version":[{"id":1379,"href":"https:\/\/www.sorumatix.com\/blog\/wp-json\/wp\/v2\/posts\/645\/revisions\/1379"}],"wp:featuredmedia":[{"embeddable":true,"href":"https:\/\/www.sorumatix.com\/blog\/wp-json\/wp\/v2\/media\/642"}],"wp:attachment":[{"href":"https:\/\/www.sorumatix.com\/blog\/wp-json\/wp\/v2\/media?parent=645"}],"wp:term":[{"taxonomy":"category","embeddable":true,"href":"https:\/\/www.sorumatix.com\/blog\/wp-json\/wp\/v2\/categories?post=645"},{"taxonomy":"post_tag","embeddable":true,"href":"https:\/\/www.sorumatix.com\/blog\/wp-json\/wp\/v2\/tags?post=645"}],"curies":[{"name":"wp","href":"https:\/\/api.w.org\/{rel}","templated":true}]}}