{"id":662,"date":"2023-08-30T02:18:26","date_gmt":"2023-08-30T02:18:26","guid":{"rendered":"https:\/\/www.sorumatix.com\/blog\/?p=662"},"modified":"2023-08-30T02:18:26","modified_gmt":"2023-08-30T02:18:26","slug":"kuresel-iklim-degisikligi-ile-kuresel-isinma-arasindaki-iliski-nedir","status":"publish","type":"post","link":"https:\/\/www.sorumatix.com\/blog\/kuresel-iklim-degisikligi-ile-kuresel-isinma-arasindaki-iliski-nedir.html","title":{"rendered":"K\u00fcresel \u0130klim De\u011fi\u015fikli\u011fi ile K\u00fcresel Is\u0131nma Aras\u0131ndaki \u0130li\u015fki Nedir?"},"content":{"rendered":"<p><center><iframe loading=\"lazy\" width=\"560\" height=\"315\" src=\"https:\/\/www.youtube.com\/embed\/gUX2x3Y_BJA\" title=\"YouTube video player\" frameborder=\"0\" allow=\"accelerometer; autoplay; clipboard-write; encrypted-media; gyroscope; picture-in-picture; web-share\" allowfullscreen><\/iframe><\/center><html><head><\/head><body><\/p>\n<p>K\u00fcresel \u0130klim De\u011fi\u015fikli\u011fi ile K\u00fcresel Is\u0131nma Aras\u0131ndaki \u0130li\u015fki<\/p>\n<p><center><img decoding=\"async\" src=\"https:\/\/www.sorumatix.com\/blog\/wp-content\/uploads\/2023\/08\/uploaded-image-1693219778010.jpg\" alt=\"1\"><\/center><\/p>\n<p>K\u00fcresel iklim de\u011fi\u015fikli\u011fi ve k\u00fcresel \u0131s\u0131nma, d\u00fcnya \u00fczerindeki do\u011fal sistemlerin \u00f6nemli bir sorunudur. Bu iki kavram birbirleriyle s\u0131k s\u0131k yanl\u0131\u015fl\u0131kla e\u015fanlaml\u0131 olarak kullan\u0131lsa da, asl\u0131nda farkl\u0131 konular\u0131 ifade ederler. K\u00fcresel iklim de\u011fi\u015fikli\u011fi, D\u00fcnya&#8217;n\u0131n genel iklim \u00f6zelliklerinde meydana gelen uzun s\u00fcreli de\u011fi\u015fiklikleri ifade ederken, k\u00fcresel \u0131s\u0131nma ise atmosferdeki sera gazlar\u0131n\u0131n birikerek gezegenin ortalama s\u0131cakl\u0131\u011f\u0131n\u0131 y\u00fckseltmesini ifade eder.<\/p>\n<p>\u0130klim de\u011fi\u015fikli\u011fi, gezegendeki do\u011fal d\u00f6ng\u00fclerin bir sonucu olarak ortaya \u00e7\u0131kar ve bir\u00e7ok fakt\u00f6r\u00fcn etkile\u015fimi sonucu ger\u00e7ekle\u015fir. Ancak son y\u00fczy\u0131lda insan faaliyetleri, \u00f6zellikle fosil yak\u0131t kullan\u0131m\u0131 ve end\u00fcstriyel s\u00fcre\u00e7ler nedeniyle sera gazlar\u0131n\u0131n atmosfere sal\u0131nmas\u0131, k\u00fcresel \u0131s\u0131nman\u0131n h\u0131zlanmas\u0131na yol a\u00e7m\u0131\u015ft\u0131r. Sera gazlar\u0131, karbondioksit (CO2), metan (CH4), azot oksitleri (NOx) ve ozon (O3) gibi gazlarla temsil edilir. Bu gazlar, g\u00fcne\u015ften gelen \u0131\u015f\u0131\u011f\u0131n bir k\u0131sm\u0131n\u0131 yery\u00fcz\u00fcne ge\u00e7irip, geri kalan\u0131n\u0131 atmosferde hapsederler. Bu durum, sera etkisi olarak adland\u0131r\u0131l\u0131r ve D\u00fcnya&#8217;n\u0131n s\u0131cakl\u0131\u011f\u0131n\u0131n dengede kalmas\u0131n\u0131 sa\u011flar.<\/p>\n<p>Ancak insan faaliyetleri sonucunda sera gazlar\u0131n\u0131n atmosferdeki miktar\u0131 artt\u0131k\u00e7a, sera etkisi de g\u00fc\u00e7lenir ve gezegenin ortalama s\u0131cakl\u0131\u011f\u0131 y\u00fckselir. Bu s\u00fcrece k\u00fcresel \u0131s\u0131nma denir. K\u00fcresel \u0131s\u0131nma, buzullar\u0131n erimesine, deniz seviyelerinin y\u00fckselmesine, a\u015f\u0131r\u0131 hava olaylar\u0131n\u0131n artmas\u0131na, bitki ve hayvan ya\u015fam\u0131nda de\u011fi\u015fikliklere ve su kaynaklar\u0131n\u0131n azalmas\u0131na yol a\u00e7ar. Ayn\u0131 zamanda tar\u0131m, enerji \u00fcretimi, su kaynaklar\u0131 ve ekonomik sistemler gibi bir\u00e7ok sekt\u00f6r \u00fczerinde olumsuz etkilere sahip olabilir.<\/p>\n<p>K\u00fcresel iklim de\u011fi\u015fikli\u011fi ve k\u00fcresel \u0131s\u0131nman\u0131n ili\u015fkisi, k\u00fcresel \u0131s\u0131nman\u0131n k\u00fcresel iklim de\u011fi\u015fikli\u011finin bir sonucu oldu\u011funu g\u00f6sterir. K\u00fcresel iklim de\u011fi\u015fikli\u011fi, gezegenin uzun vadeli iklim \u00f6zelliklerinde meydana gelen de\u011fi\u015fikliklerden kaynaklan\u0131rken, k\u00fcresel \u0131s\u0131nma bu de\u011fi\u015fikliklerin bir sonucudur. K\u00fcresel \u0131s\u0131nman\u0131n ana nedeni ise sera gazlar\u0131n\u0131n atmosferdeki birikiminin artmas\u0131d\u0131r.<\/p>\n<p>Sonu\u00e7 olarak, k\u00fcresel iklim de\u011fi\u015fikli\u011fi ve k\u00fcresel \u0131s\u0131nma aras\u0131nda yak\u0131n bir ili\u015fki bulunmaktad\u0131r. \u0130nsan faaliyetleri sonucunda sera gazlar\u0131n\u0131n atmosferdeki miktar\u0131 artt\u0131k\u00e7a, gezegenin ortalama s\u0131cakl\u0131\u011f\u0131 y\u00fckselir ve iklimde de\u011fi\u015fiklikler meydana gelir. Bu durum, do\u011fal sistemlere ve insan ya\u015fam\u0131na olumsuz etkileri olan bir sorundur. Bu nedenle, k\u00fcresel iklim de\u011fi\u015fikli\u011fi ve k\u00fcresel \u0131s\u0131nman\u0131n \u00f6nlenmesi veya hafifletilmesi i\u00e7in uluslararas\u0131 d\u00fczeyde \u00e7aba harcanmal\u0131 ve s\u00fcrd\u00fcr\u00fclebilir politikalar benimsenmelidir.K\u00fcresel iklim de\u011fi\u015fikli\u011fi ve k\u00fcresel \u0131s\u0131nma ile m\u00fccadele etmek i\u00e7in \u00e7e\u015fitli \u00f6nlemler al\u0131nmal\u0131d\u0131r. \u0130lk olarak, fosil yak\u0131tlara olan ba\u011f\u0131ml\u0131l\u0131\u011f\u0131 azaltmak i\u00e7in temiz ve yenilenebilir enerji kaynaklar\u0131na ge\u00e7i\u015f yap\u0131lmal\u0131d\u0131r. G\u00fcne\u015f enerjisi, r\u00fczgar enerjisi, hidroelektrik enerji gibi yenilenebilir enerji kaynaklar\u0131, sera gaz\u0131 emisyonlar\u0131n\u0131 azaltarak k\u00fcresel \u0131s\u0131nmaya katk\u0131da bulunabilir.<\/p>\n<p>Ayr\u0131ca, enerji verimlili\u011fi art\u0131r\u0131lmal\u0131d\u0131r. Is\u0131tma, so\u011futma, ayd\u0131nlatma gibi alanlarda daha verimli teknolojiler kullanarak enerji t\u00fcketimi azalt\u0131labilir. Binalar\u0131n izolasyonu iyile\u015ftirilebilir, enerji tasarruflu ampuller kullan\u0131labilir ve enerji y\u00f6netimi sistemleri uygulanabilir.<\/p>\n<p>Ormanlar\u0131n korunmas\u0131 ve a\u011fa\u00e7land\u0131rma da \u00f6nemlidir. Ormanlar, atmosferdeki CO2&#8217;yi emerek sera gazlar\u0131n\u0131n yo\u011funlu\u011funu azalt\u0131r. Bu nedenle ormans\u0131zla\u015fman\u0131n \u00f6nlenmesi ve yeni orman alanlar\u0131n\u0131n olu\u015fturulmas\u0131 b\u00fcy\u00fck bir \u00f6nem ta\u015f\u0131r.<\/p>\n<p><center><img decoding=\"async\" src=\"https:\/\/www.sorumatix.com\/blog\/wp-content\/uploads\/2023\/08\/uploaded-image-1693219778268.jpg\" alt=\"2\"><\/center><\/p>\n<p>Tar\u0131m sekt\u00f6r\u00fcnde s\u00fcrd\u00fcr\u00fclebilir uygulamalar\u0131n te\u015fvik edilmesi gerekmektedir. Sera gaz\u0131 emisyonlar\u0131n\u0131n b\u00fcy\u00fck bir k\u0131sm\u0131 tar\u0131m faaliyetlerinden kaynaklan\u0131r. Bu nedenle organik tar\u0131m y\u00f6ntemleri, suyu verimli kullanma teknikleri ve g\u00fcbre kullan\u0131m\u0131n\u0131n optimize edilmesi gibi \u00f6nlemler al\u0131nmal\u0131d\u0131r.<\/p>\n<p>E\u011fitim ve fark\u0131ndal\u0131k da k\u00fcresel iklim de\u011fi\u015fikli\u011fi ile m\u00fccadelede etkili bir ara\u00e7t\u0131r. H\u00fck\u00fcmetler, sivil toplum kurulu\u015flar\u0131 ve medya, halk\u0131 k\u00fcresel iklim de\u011fi\u015fikli\u011fi konusunda bilin\u00e7lendirmeli ve \u00e7evre dostu davran\u0131\u015flar\u0131 te\u015fvik etmelidir.<\/p>\n<p>Son olarak, uluslararas\u0131 i\u015fbirli\u011fi ve anla\u015fmalar b\u00fcy\u00fck \u00f6nem ta\u015f\u0131r. Paris Anla\u015fmas\u0131 gibi anla\u015fmalar, \u00fclkelerin sera gaz\u0131 emisyonlar\u0131n\u0131 azaltma hedeflerini belirler ve ortak bir eylem \u00e7er\u00e7evesi olu\u015fturur. Bu t\u00fcr anla\u015fmalar\u0131n desteklenmesi ve uygulanmas\u0131, k\u00fcresel iklim de\u011fi\u015fikli\u011fiyle m\u00fccadelede etkili olabilir.<\/p>\n<p>K\u00fcresel iklim de\u011fi\u015fikli\u011fi ve k\u00fcresel \u0131s\u0131nma, insanl\u0131\u011f\u0131n kar\u015f\u0131 kar\u015f\u0131ya oldu\u011fu b\u00fcy\u00fck bir zorluktur. Ancak uygun \u00f6nlemlerin al\u0131nmas\u0131 ve s\u00fcrd\u00fcr\u00fclebilir politikalar\u0131n benimsenmesi durumunda, olumsuz etkileri hafifletmek ve gelecek nesiller i\u00e7in daha ya\u015fanabilir bir d\u00fcnya yaratmak m\u00fcmk\u00fcnd\u00fcr.K\u00fcresel iklim de\u011fi\u015fikli\u011fiyle m\u00fccadelede uluslararas\u0131 politika ve h\u00fck\u00fcmet d\u00fczeyindeki eylemler kadar, bireysel \u00e7abalar da \u00f6nemlidir. Her birey, g\u00fcnl\u00fck ya\u015fam\u0131nda k\u00fc\u00e7\u00fck de\u011fi\u015fiklikler yaparak \u00e7evreye olan etkisini azaltabilir.<\/p>\n<p>Bireyler enerji t\u00fcketimini azaltmak i\u00e7in elektrikli cihazlar\u0131 kullan\u0131m sonras\u0131 fi\u015ften \u00e7ekerek gereksiz enerji sarfiyat\u0131n\u0131 \u00f6nleyebilir. Evlerde enerji tasarruflu ayd\u0131nlatma kullan\u0131labilir ve suyu verimli kullanma al\u0131\u015fkanl\u0131klar\u0131 benimsenebilir. Ayr\u0131ca, geri d\u00f6n\u00fc\u015f\u00fcm ve at\u0131k y\u00f6netimi uygulamalar\u0131yla do\u011fal kaynaklar\u0131n korunmas\u0131na katk\u0131 sa\u011flanabilir.<\/p>\n<p>Ula\u015f\u0131mda da \u00e7evre dostu se\u00e7enekler tercih edilebilir. Ara\u00e7 payla\u015f\u0131m\u0131, toplu ta\u015f\u0131ma veya bisiklet gibi alternatif ula\u015f\u0131m y\u00f6ntemleri kullan\u0131labilir. Elektrikli ara\u00e7lar yayg\u0131nla\u015ft\u0131r\u0131labilir ve uzun mesafeli yolculuklarda u\u00e7ak yerine tren veya otob\u00fcs gibi daha az karbon salan se\u00e7eneklere y\u00f6nelinerek sera gaz\u0131 emisyonlar\u0131 azalt\u0131labilir.<\/p>\n<p><center><img decoding=\"async\" src=\"https:\/\/www.sorumatix.com\/blog\/wp-content\/uploads\/2023\/08\/uploaded-image-1693219778511.jpg\" alt=\"3\"><\/center><\/p>\n<p>Beslenme al\u0131\u015fkanl\u0131klar\u0131nda da de\u011fi\u015fiklikler yapmak \u00f6nemlidir. Hayvansal \u00fcr\u00fcn t\u00fcketimini azaltarak, bitkisel bazl\u0131 beslenmeye y\u00f6nelmek \u00e7evresel a\u00e7\u0131dan daha s\u00fcrd\u00fcr\u00fclebilir bir se\u00e7enektir. Yerel ve organik \u00fcr\u00fcnleri tercih etmek, tar\u0131m sekt\u00f6r\u00fcndeki karbon ayak izini azaltabilir.<\/p>\n<p>Ayr\u0131ca, a\u011fa\u00e7 dikme kampanyalar\u0131na kat\u0131lmak veya do\u011fal ya\u015fam alanlar\u0131n\u0131n korunmas\u0131n\u0131 desteklemek gibi \u00e7evre projelerine katk\u0131da bulunmak da \u00f6nemlidir. Bunlar\u0131n yan\u0131 s\u0131ra, kamuoyu olu\u015fturarak politika yap\u0131c\u0131lar\u0131 harekete ge\u00e7irmek i\u00e7in \u00e7evre bilinci yaratmaya y\u00f6nelik faaliyetlerde bulunmak da k\u00fcresel iklim de\u011fi\u015fikli\u011fiyle m\u00fccadelede etkili olabilir.<\/p>\n<p>K\u00fcresel iklim de\u011fi\u015fikli\u011fi sorunu, karma\u015f\u0131k bir yap\u0131ya sahiptir ve tek bir \u00e7\u00f6z\u00fcm bulunmamaktad\u0131r. Ancak, bireysel ve toplumsal d\u00fczeyde al\u0131nan tedbirlerin bir araya gelmesiyle olumlu etkiler elde edilebilir. Herkesin \u00fczerine d\u00fc\u015fen sorumlulu\u011fu yerine getirmesi, gelecek nesiller i\u00e7in s\u00fcrd\u00fcr\u00fclebilir bir d\u00fcnya yaratma yolunda \u00f6nemli bir ad\u0131m olacakt\u0131r.<\/p>\n<p><\/body><\/html><\/p>\n","protected":false},"excerpt":{"rendered":"<p>K\u00fcresel \u0130klim De\u011fi\u015fikli\u011fi ile K\u00fcresel Is\u0131nma Aras\u0131ndaki \u0130li\u015fki K\u00fcresel iklim de\u011fi\u015fikli\u011fi ve k\u00fcresel \u0131s\u0131nma, d\u00fcnya \u00fczerindeki do\u011fal sistemlerin \u00f6nemli bir<\/p>\n","protected":false},"author":1,"featured_media":655,"comment_status":"open","ping_status":"open","sticky":false,"template":"","format":"standard","meta":{"colormag_page_container_layout":"default_layout","colormag_page_sidebar_layout":"default_layout","footnotes":""},"categories":[14],"tags":[],"class_list":["post-662","post","type-post","status-publish","format-standard","has-post-thumbnail","hentry","category-bilgisayar-bilimleri-dersleri"],"_links":{"self":[{"href":"https:\/\/www.sorumatix.com\/blog\/wp-json\/wp\/v2\/posts\/662","targetHints":{"allow":["GET"]}}],"collection":[{"href":"https:\/\/www.sorumatix.com\/blog\/wp-json\/wp\/v2\/posts"}],"about":[{"href":"https:\/\/www.sorumatix.com\/blog\/wp-json\/wp\/v2\/types\/post"}],"author":[{"embeddable":true,"href":"https:\/\/www.sorumatix.com\/blog\/wp-json\/wp\/v2\/users\/1"}],"replies":[{"embeddable":true,"href":"https:\/\/www.sorumatix.com\/blog\/wp-json\/wp\/v2\/comments?post=662"}],"version-history":[{"count":0,"href":"https:\/\/www.sorumatix.com\/blog\/wp-json\/wp\/v2\/posts\/662\/revisions"}],"wp:featuredmedia":[{"embeddable":true,"href":"https:\/\/www.sorumatix.com\/blog\/wp-json\/wp\/v2\/media\/655"}],"wp:attachment":[{"href":"https:\/\/www.sorumatix.com\/blog\/wp-json\/wp\/v2\/media?parent=662"}],"wp:term":[{"taxonomy":"category","embeddable":true,"href":"https:\/\/www.sorumatix.com\/blog\/wp-json\/wp\/v2\/categories?post=662"},{"taxonomy":"post_tag","embeddable":true,"href":"https:\/\/www.sorumatix.com\/blog\/wp-json\/wp\/v2\/tags?post=662"}],"curies":[{"name":"wp","href":"https:\/\/api.w.org\/{rel}","templated":true}]}}