{"id":683,"date":"2023-08-30T04:48:26","date_gmt":"2023-08-30T04:48:26","guid":{"rendered":"https:\/\/www.sorumatix.com\/blog\/?p=683"},"modified":"2023-09-04T10:36:10","modified_gmt":"2023-09-04T10:36:10","slug":"kuresel-iklim-degisikliginin-etkilerine-ornek-olaylar-nelerdir","status":"publish","type":"post","link":"https:\/\/www.sorumatix.com\/blog\/kuresel-iklim-degisikliginin-etkilerine-ornek-olaylar-nelerdir.html","title":{"rendered":"K\u00fcresel \u0130klim De\u011fi\u015fikli\u011finin Etkilerine \u00d6rnek Olaylar Nelerdir?"},"content":{"rendered":"<p><center><iframe loading=\"lazy\" title=\"YouTube video player\" src=\"https:\/\/www.youtube.com\/embed\/aGYjEyHBUTA\" width=\"560\" height=\"315\" frameborder=\"0\" allowfullscreen=\"allowfullscreen\"><\/iframe><\/center>K\u00fcresel iklim de\u011fi\u015fikli\u011fi, d\u00fcnya genelindeki iklim ko\u015fullar\u0131n\u0131n uzun vadeli de\u011fi\u015fimlerine verilen isimdir. Bu de\u011fi\u015fikliklerin etkileri bir\u00e7ok alanda g\u00f6zlemlenebilir ve ciddi sonu\u00e7lar do\u011furabilir. \u0130\u015fte k\u00fcresel iklim de\u011fi\u015fikli\u011finin etkilerine \u00f6rnek olabilecek baz\u0131 olaylar:<\/p>\n<p>1. S\u0131cakl\u0131k Art\u0131\u015f\u0131: K\u00fcresel ortalama s\u0131cakl\u0131klar\u0131n y\u00fckselmesi, a\u015f\u0131r\u0131 hava olaylar\u0131na neden olabilir. Uzun s\u00fcreli kurakl\u0131k, orman yang\u0131nlar\u0131, a\u015f\u0131r\u0131 s\u0131cak dalgalar ve su kaynaklar\u0131n\u0131n azalmas\u0131 gibi sorunlara yol a\u00e7abilir.<\/p>\n<p>2. Deniz Seviyesi Y\u00fckselmesi: Kutup buzullar\u0131n\u0131n erimesi ve buzullardaki erime h\u0131z\u0131n\u0131n artmas\u0131yla deniz seviyeleri y\u00fckselmektedir. Bu durum, k\u0131y\u0131 b\u00f6lgelerindeki topluluklar\u0131 ve ekosistemleri tehdit ederken ada \u00fclkeleri i\u00e7in de b\u00fcy\u00fck bir sorun haline gelmektedir.<\/p>\n<p>3. Ekosistem Bozulmalar\u0131: \u0130klim de\u011fi\u015fikli\u011fi, bitki ve hayvan t\u00fcrlerinin ya\u015fam alanlar\u0131n\u0131 etkileyerek ekosistemleri bozar. Kutup b\u00f6lgelerinde ya\u015fayan kutup ay\u0131lar\u0131 gibi baz\u0131 t\u00fcrlerin hayatta kalma \u015fans\u0131 azal\u0131rken, baz\u0131 zararl\u0131 b\u00f6cek t\u00fcrleri gibi istilac\u0131lar yay\u0131labilir.<\/p>\n<p>4. Tar\u0131m Veriminde Azalma: Artan s\u0131cakl\u0131k, d\u00fczensiz ya\u011f\u0131\u015flar ve su kaynaklar\u0131n\u0131n azalmas\u0131, tar\u0131m alanlar\u0131n\u0131 etkiler. Verim d\u00fc\u015f\u00fckl\u00fc\u011f\u00fc ve bitki hastal\u0131klar\u0131n\u0131n artmas\u0131 gibi sorunlar ya\u015fan\u0131r. Bu durum, g\u0131da g\u00fcvenli\u011fi i\u00e7in b\u00fcy\u00fck bir tehdit olu\u015fturabilir.<\/p>\n<p>5. Ekstrem Hava Olaylar\u0131: K\u00fcresel iklim de\u011fi\u015fikli\u011fi, \u015fiddetli hava olaylar\u0131n\u0131n (kas\u0131rgalar, f\u0131rt\u0131nalar, sel vb.) say\u0131s\u0131n\u0131 ve yo\u011funlu\u011funu art\u0131rabilir. Bu olaylar, insanlar\u0131n ya\u015fam\u0131n\u0131 tehdit edebilir, altyap\u0131y\u0131 tahrip edebilir ve ekonomik kay\u0131plara neden olabilir.<\/p>\n<p>6. Su Kaynaklar\u0131n\u0131n Azalmas\u0131: \u0130klim de\u011fi\u015fikli\u011fi, su d\u00f6ng\u00fcs\u00fcn\u00fc etkileyerek su kaynaklar\u0131n\u0131n azalmas\u0131na neden olur. Kurakl\u0131k ve susuzluk, su temini ve tar\u0131msal sulama sistemlerini olumsuz etkiler. Bu da toplumlar\u0131n suya eri\u015fimini zorla\u015ft\u0131r\u0131r.<\/p>\n<p>7. Hastal\u0131klar\u0131n Yay\u0131l\u0131m\u0131: S\u0131cakl\u0131k art\u0131\u015f\u0131 ve hava kalitesindeki de\u011fi\u015fimler, baz\u0131 hastal\u0131klar\u0131n yay\u0131lmas\u0131n\u0131 kolayla\u015ft\u0131rabilir. Sivrisinekler arac\u0131l\u0131\u011f\u0131yla bula\u015fan s\u0131tma ve Zika vir\u00fcs\u00fc gibi hastal\u0131klar\u0131n yay\u0131l\u0131m riski artabilir.<\/p>\n<p>8. Biyo\u00e7e\u015fitlilik Kayb\u0131: \u0130klim de\u011fi\u015fikli\u011fi, do\u011fal ya\u015fam alanlar\u0131n\u0131n yok olmas\u0131na ve t\u00fcrlerin g\u00f6\u00e7 etmesine neden olarak biyo\u00e7e\u015fitlilik kayb\u0131na yol a\u00e7ar. Bu da ekosistemlerin dengesini bozarak do\u011fal dengeyi tehlikeye atar.<\/p>\n<p>K\u00fcresel iklim de\u011fi\u015fikli\u011fi, d\u00fcnyan\u0131n her yerinde hissedilen ve bir\u00e7ok sekt\u00f6r\u00fc etkileyen ciddi sonu\u00e7lara yol a\u00e7an bir sorundur. Bu nedenle, h\u00fck\u00fcmetler, kurulu\u015flar ve bireyler aras\u0131nda iklim de\u011fi\u015fikli\u011fiyle m\u00fccadele i\u00e7in i\u015fbirli\u011fi ve s\u00fcrd\u00fcr\u00fclebilirlik \u00e7abalar\u0131 b\u00fcy\u00fck \u00f6nem ta\u015f\u0131r.K\u00fcresel iklim de\u011fi\u015fikli\u011finin etkileriyle ba\u015fa \u00e7\u0131kmak ve olumsuz sonu\u00e7lar\u0131 en aza indirmek i\u00e7in a\u015fa\u011f\u0131daki \u00f6nlemler al\u0131nabilir:<\/p>\n<p>1. Yenilenebilir Enerji Kaynaklar\u0131n\u0131n Kullan\u0131m\u0131: Fosil yak\u0131tlar\u0131n yerine temiz enerji kaynaklar\u0131na y\u00f6nelmek, sera gaz\u0131 emisyonlar\u0131n\u0131 azaltmada \u00f6nemli bir ad\u0131md\u0131r. G\u00fcne\u015f enerjisi, r\u00fczgar enerjisi ve hidroelektrik gibi yenilenebilir enerji kaynaklar\u0131na yat\u0131r\u0131m yap\u0131lmal\u0131 ve te\u015fvik edilmelidir.<\/p>\n<p>2. Enerji Verimlili\u011finin Art\u0131r\u0131lmas\u0131: Enerji kullan\u0131m\u0131nda verimlili\u011fi art\u0131ran \u00f6nlemler almak, enerji t\u00fcketimini azalt\u0131rken karbon ayak izini d\u00fc\u015f\u00fcrmeye yard\u0131mc\u0131 olur. Binalarda daha iyi yal\u0131t\u0131m, enerji tasarruflu ayd\u0131nlatma ve enerji s\u0131n\u0131fland\u0131rmas\u0131 y\u00fcksek cihazlar\u0131n tercih edilmesi gibi ad\u0131mlar at\u0131labilir.<\/p>\n<p>3. Ormanlar\u0131n Korunmas\u0131 ve A\u011fa\u00e7land\u0131rma: Ormanlar, atmosferdeki karbondioksiti emerek iklim de\u011fi\u015fikli\u011fiyle m\u00fccadelede \u00f6nemli bir rol oynar. Orman alanlar\u0131n\u0131n korunmas\u0131, ormans\u0131zla\u015fman\u0131n \u00f6nlenmesi ve yeni a\u011fa\u00e7land\u0131rma projelerinin desteklenmesi gerekmektedir.<\/p>\n<p>4. S\u00fcrd\u00fcr\u00fclebilir Tar\u0131m Uygulamalar\u0131: Tar\u0131m\u0131n sera gaz\u0131 emisyonlar\u0131n\u0131 azaltacak \u015fekilde yap\u0131land\u0131r\u0131lmas\u0131 \u00f6nemlidir. S\u00fcrd\u00fcr\u00fclebilir tar\u0131m uygulamalar\u0131, su ve g\u00fcbre kullan\u0131m\u0131n\u0131n optimize edilmesi, erozyonun \u00f6nlenmesi, organik tar\u0131m y\u00f6ntemlerinin te\u015fvik edilmesi gibi ad\u0131mlar\u0131 i\u00e7erir.<\/p>\n<p>5. Su Kaynaklar\u0131n\u0131n Verimli Kullan\u0131m\u0131: \u0130klim de\u011fi\u015fikli\u011fiyle birlikte su kaynaklar\u0131n\u0131n azalmas\u0131yla m\u00fccadele etmek i\u00e7in suyu verimli kullanmak \u00f6nemlidir. Su tasarrufu sa\u011flayan teknolojilerin yayg\u0131nla\u015ft\u0131r\u0131lmas\u0131, su kaynaklar\u0131n\u0131n korunmas\u0131 ve etkin sulama y\u00f6ntemlerinin benimsenmesi gerekmektedir.<\/p>\n<p>6. \u0130klim De\u011fi\u015fikli\u011fi Bilinci ve E\u011fitimi: Toplumun iklim de\u011fi\u015fikli\u011fi konusunda bilin\u00e7lendirilmesi ve e\u011fitilmesi \u00f6nemlidir. Kampanyalar, seminerler ve e\u011fitim programlar\u0131 arac\u0131l\u0131\u011f\u0131yla halk\u0131n iklim de\u011fi\u015fikli\u011fiyle ilgili sorunlar\u0131 anlamas\u0131 ve harekete ge\u00e7mesi sa\u011flanmal\u0131d\u0131r.<\/p>\n<p>7. Uluslararas\u0131 \u0130\u015fbirli\u011fi: K\u00fcresel iklim de\u011fi\u015fikli\u011fi k\u00fcresel bir sorundur ve uluslararas\u0131 i\u015fbirli\u011fi b\u00fcy\u00fck \u00f6nem ta\u015f\u0131r. \u00dclkeler aras\u0131nda iklim de\u011fi\u015fikli\u011fiyle m\u00fccadele i\u00e7in anla\u015fmalar, protokoller ve ortak projeler geli\u015ftirilmelidir. Paris Anla\u015fmas\u0131 gibi uluslararas\u0131 \u00e7er\u00e7eveler desteklenmeli ve uygulanmal\u0131d\u0131r.<\/p>\n<p>K\u00fcresel iklim de\u011fi\u015fikli\u011finin etkileri karma\u015f\u0131k ve geni\u015f kapsaml\u0131d\u0131r. Bu nedenle, k\u00fcresel d\u00fczeyde \u00e7\u00f6z\u00fcmler \u00fcretmek ve yerel d\u00fczeyde harekete ge\u00e7mek \u00f6nemlidir. Toplumun, h\u00fck\u00fcmetlerin ve kurulu\u015flar\u0131n birlikte \u00e7al\u0131\u015farak iklim de\u011fi\u015fikli\u011fiyle m\u00fccadele etmesi, gelecek nesillerin ya\u015fanabilir bir d\u00fcnya b\u0131rakma sorumlulu\u011funu yerine getirmek i\u00e7in hayati bir ad\u0131md\u0131r.8. Ula\u015f\u0131m\u0131n D\u00f6n\u00fc\u015f\u00fcm\u00fc: Karbondioksit emisyonlar\u0131n\u0131n b\u00fcy\u00fck bir kayna\u011f\u0131 olan ta\u015f\u0131mac\u0131l\u0131k sekt\u00f6r\u00fcnde d\u00f6n\u00fc\u015f\u00fcm sa\u011flanmal\u0131d\u0131r. Elektrikli ara\u00e7lar\u0131n te\u015fvik edilmesi, toplu ta\u015f\u0131ma sistemlerinin geli\u015ftirilmesi ve bisiklet yollar\u0131n\u0131n yayg\u0131nla\u015ft\u0131r\u0131lmas\u0131 gibi ad\u0131mlar, s\u00fcrd\u00fcr\u00fclebilir ve d\u00fc\u015f\u00fck karbonlu ula\u015f\u0131m\u0131 destekler.<\/p>\n<p>9. Sanayide Daha Temiz \u00dcretim: Sanayinin sera gaz\u0131 sal\u0131mlar\u0131n\u0131 azaltmak i\u00e7in daha temiz ve enerji verimli \u00fcretim y\u00f6ntemleri benimsenmelidir. Yenilenebilir enerji kullan\u0131m\u0131, geri d\u00f6n\u00fc\u015f\u00fcm ve at\u0131k y\u00f6netimi gibi uygulamalar end\u00fcstriyel faaliyetlerin \u00e7evresel etkilerini azaltmada etkili olacakt\u0131r.<\/p>\n<p>10. Deniz ve Okyanus Korumas\u0131: Deniz ekosistemleri, iklim d\u00fczenlemesinde \u00f6nemli bir rol oynar. Deniz ve okyanus alanlar\u0131n\u0131n korunmas\u0131, deniz kirlili\u011finin azalt\u0131lmas\u0131, mercan resiflerinin ve deniz ya\u015fam\u0131n\u0131n korunmas\u0131 bu noktada b\u00fcy\u00fck bir \u00f6neme sahiptir.<\/p>\n<p>11. \u0130klim De\u011fi\u015fikli\u011fine Uyum: K\u00fcresel iklim de\u011fi\u015fikli\u011fine uyum sa\u011flama da b\u00fcy\u00fck \u00f6nem ta\u015f\u0131r. Altyap\u0131lar\u0131n iklim de\u011fi\u015fikli\u011fi etkilerine dayan\u0131kl\u0131 olacak \u015fekilde in\u015fa edilmesi, su kaynaklar\u0131n\u0131n y\u00f6netimi, toplumlar\u0131n afetlere haz\u0131rl\u0131kl\u0131 olmas\u0131 gibi ad\u0131mlar, iklim de\u011fi\u015fikli\u011finin etkilerini hafifletmeye yard\u0131mc\u0131 olur.<\/p>\n<p>12. Finansal ve Ekonomik Deste\u011fin Sa\u011flanmas\u0131: \u0130klim de\u011fi\u015fikli\u011fiyle m\u00fccadele i\u00e7in finansal ve ekonomik destek sa\u011flanmal\u0131d\u0131r. Geli\u015fmekte olan \u00fclkeler, iklim de\u011fi\u015fikli\u011fiyle m\u00fccadele i\u00e7in gereken teknoloji transferi, finansman ve kapasite geli\u015ftirmeye eri\u015fim sa\u011flamalar\u0131nda desteklenmelidir.<\/p>\n<p>K\u00fcresel iklim de\u011fi\u015fikli\u011fiyle m\u00fccadele etmek i\u00e7in bu \u00f6nlemler birlikte uygulanmal\u0131 ve s\u00fcrekli olarak izlenmelidir. Bireyler, i\u015fletmeler, sivil toplum kurulu\u015flar\u0131 ve h\u00fck\u00fcmetler aras\u0131nda i\u015fbirli\u011fi ve ortak hareket etme k\u00fclt\u00fcr\u00fc olu\u015fturulmal\u0131d\u0131r. Ancak bu \u015fekilde k\u00fcresel iklim de\u011fi\u015fikli\u011fiyle ba\u015fa \u00e7\u0131kabilir ve gelecek nesillere ya\u015fanabilir bir d\u00fcnya b\u0131rakabiliriz.<\/p>\n<p>&nbsp;<\/p>\n","protected":false},"excerpt":{"rendered":"<p>K\u00fcresel iklim de\u011fi\u015fikli\u011fi, d\u00fcnya genelindeki iklim ko\u015fullar\u0131n\u0131n uzun vadeli de\u011fi\u015fimlerine verilen isimdir. Bu de\u011fi\u015fikliklerin etkileri bir\u00e7ok alanda g\u00f6zlemlenebilir ve ciddi<\/p>\n","protected":false},"author":1,"featured_media":1904,"comment_status":"open","ping_status":"open","sticky":false,"template":"","format":"standard","meta":{"colormag_page_container_layout":"default_layout","colormag_page_sidebar_layout":"default_layout","footnotes":""},"categories":[14],"tags":[],"class_list":["post-683","post","type-post","status-publish","format-standard","has-post-thumbnail","hentry","category-bilgisayar-bilimleri-dersleri"],"_links":{"self":[{"href":"https:\/\/www.sorumatix.com\/blog\/wp-json\/wp\/v2\/posts\/683","targetHints":{"allow":["GET"]}}],"collection":[{"href":"https:\/\/www.sorumatix.com\/blog\/wp-json\/wp\/v2\/posts"}],"about":[{"href":"https:\/\/www.sorumatix.com\/blog\/wp-json\/wp\/v2\/types\/post"}],"author":[{"embeddable":true,"href":"https:\/\/www.sorumatix.com\/blog\/wp-json\/wp\/v2\/users\/1"}],"replies":[{"embeddable":true,"href":"https:\/\/www.sorumatix.com\/blog\/wp-json\/wp\/v2\/comments?post=683"}],"version-history":[{"count":1,"href":"https:\/\/www.sorumatix.com\/blog\/wp-json\/wp\/v2\/posts\/683\/revisions"}],"predecessor-version":[{"id":1991,"href":"https:\/\/www.sorumatix.com\/blog\/wp-json\/wp\/v2\/posts\/683\/revisions\/1991"}],"wp:featuredmedia":[{"embeddable":true,"href":"https:\/\/www.sorumatix.com\/blog\/wp-json\/wp\/v2\/media\/1904"}],"wp:attachment":[{"href":"https:\/\/www.sorumatix.com\/blog\/wp-json\/wp\/v2\/media?parent=683"}],"wp:term":[{"taxonomy":"category","embeddable":true,"href":"https:\/\/www.sorumatix.com\/blog\/wp-json\/wp\/v2\/categories?post=683"},{"taxonomy":"post_tag","embeddable":true,"href":"https:\/\/www.sorumatix.com\/blog\/wp-json\/wp\/v2\/tags?post=683"}],"curies":[{"name":"wp","href":"https:\/\/api.w.org\/{rel}","templated":true}]}}