{"id":691,"date":"2023-08-29T06:18:26","date_gmt":"2023-08-29T06:18:26","guid":{"rendered":"https:\/\/www.sorumatix.com\/blog\/?p=691"},"modified":"2023-08-29T06:18:26","modified_gmt":"2023-08-29T06:18:26","slug":"gunluk-hayatta-uretim-ve-tuketim-arasindaki-dengenin-onemi-nedir","status":"publish","type":"post","link":"https:\/\/www.sorumatix.com\/blog\/gunluk-hayatta-uretim-ve-tuketim-arasindaki-dengenin-onemi-nedir.html","title":{"rendered":"G\u00fcnl\u00fck Hayatta \u00dcretim ve T\u00fcketim Aras\u0131ndaki Dengenin \u00d6nemi Nedir?"},"content":{"rendered":"<p><center><iframe loading=\"lazy\" width=\"560\" height=\"315\" src=\"https:\/\/www.youtube.com\/embed\/6kK6x11zlX4\" title=\"YouTube video player\" frameborder=\"0\" allow=\"accelerometer; autoplay; clipboard-write; encrypted-media; gyroscope; picture-in-picture; web-share\" allowfullscreen><\/iframe><\/center><html><head><\/head><body><\/p>\n<p>G\u00fcnl\u00fck Hayatta \u00dcretim ve T\u00fcketim Aras\u0131ndaki Dengenin \u00d6nemi<\/p>\n<p>\u00dcretim ve t\u00fcketim, modern toplumlar\u0131n temel ta\u015flar\u0131d\u0131r ve dengeli bir ili\u015fki i\u00e7inde olmalar\u0131, s\u00fcrd\u00fcr\u00fclebilir bir ekonomi ve ya\u015fam tarz\u0131 i\u00e7in hayati \u00f6neme sahiptir. \u00dcretim, mal ve hizmetlerin yarat\u0131lmas\u0131 s\u00fcrecini ifade ederken, t\u00fcketim ise bu \u00fcretilen mal ve hizmetlerin kullan\u0131lmas\u0131 anlam\u0131na gelir. Bu iki fakt\u00f6r aras\u0131nda sa\u011fl\u0131kl\u0131 bir denge kurulmas\u0131, ekonomik, \u00e7evresel ve sosyal a\u00e7\u0131dan pek \u00e7ok fayda sunar.<\/p>\n<p>\u00d6ncelikle, \u00fcretim ve t\u00fcketim aras\u0131ndaki denge, istihdam\u0131n korunmas\u0131 ve art\u0131r\u0131lmas\u0131yla ilgili \u00f6nemli bir rol oynar. \u00dcretim faaliyetleri, i\u015f imkanlar\u0131n\u0131n yarat\u0131lmas\u0131n\u0131 sa\u011flar ve ekonomik b\u00fcy\u00fcmeyi destekler. Bir \u00fcr\u00fcn veya hizmet talep g\u00f6rd\u00fc\u011f\u00fcnde, \u00fcretimi art\u0131r\u0131l\u0131r ve bu da yeni i\u015f olanaklar\u0131 demektir. \u0130stihdam\u0131n artmas\u0131, insanlar\u0131n gelir elde etmesine ve ya\u015fam standartlar\u0131n\u0131n y\u00fckselmesine katk\u0131da bulunur.<\/p>\n<p>Bununla birlikte, \u00fcretim ve t\u00fcketim aras\u0131ndaki denge \u00e7evresel s\u00fcrd\u00fcr\u00fclebilirlik a\u00e7\u0131s\u0131ndan da kritiktir. H\u0131zl\u0131 ve kontrols\u00fcz t\u00fcketim al\u0131\u015fkanl\u0131klar\u0131, do\u011fal kaynaklar\u0131n a\u015f\u0131r\u0131 kullan\u0131lmas\u0131na ve \u00e7evresel tahribata yol a\u00e7abilir. Ancak, dengeli bir \u00fcretim ve t\u00fcketim modeli benimsendi\u011finde, kaynaklar\u0131 daha verimli kullanmak m\u00fcmk\u00fcn olur ve \u00e7evresel etkiler minimize edilebilir. S\u00fcrd\u00fcr\u00fclebilir enerji kaynaklar\u0131n\u0131n kullan\u0131m\u0131, geri d\u00f6n\u00fc\u015f\u00fcm uygulamalar\u0131n\u0131n yayg\u0131nla\u015ft\u0131r\u0131lmas\u0131 ve at\u0131k miktar\u0131n\u0131n azalt\u0131lmas\u0131 gibi \u00f6nlemler, dengeyi sa\u011flamada \u00f6nemli rol oynar.<\/p>\n<p>G\u00fcnl\u00fck hayatta \u00fcretim ve t\u00fcketim aras\u0131ndaki denge, sosyal adalet a\u00e7\u0131s\u0131ndan da b\u00fcy\u00fck bir \u00f6neme sahiptir. Dengeyi korumak, herkesin temel ihtiya\u00e7lar\u0131n\u0131 kar\u015f\u0131lamay\u0131 ve toplumsal e\u015fitsizlikleri azaltmay\u0131 hedefler. Gelir da\u011f\u0131l\u0131m\u0131ndaki dengesizlikler, t\u00fcketimde adaletsizliklere yol a\u00e7abilir ve sosyal huzursuzlu\u011fu art\u0131rabilir. Bu nedenle, \u00fcretim ve t\u00fcketim aras\u0131ndaki dengeyi sa\u011flamak i\u00e7in sosyal politikalar\u0131n ve d\u00fczenlemelerin gereklili\u011fi ortaya \u00e7\u0131kar. Gelir e\u015fitsizliklerinin azalt\u0131lmas\u0131, eri\u015filebilir kamu hizmetlerinin sunumu ve f\u0131rsat e\u015fitli\u011fi gibi fakt\u00f6rler, dengeyi s\u00fcrd\u00fcrmek i\u00e7in \u00f6nemlidir.<\/p>\n<p><center><img decoding=\"async\" src=\"https:\/\/www.sorumatix.com\/blog\/wp-content\/uploads\/2023\/08\/uploaded-image-1693219787423.jpg\" alt=\"1\"><\/center><\/p>\n<p>Sonu\u00e7 olarak, g\u00fcnl\u00fck hayatta \u00fcretim ve t\u00fcketim aras\u0131ndaki denge, ekonomik, \u00e7evresel ve sosyal a\u00e7\u0131lardan b\u00fcy\u00fck bir \u00f6neme sahiptir. \u0130stihdam\u0131n korunmas\u0131, \u00e7evresel s\u00fcrd\u00fcr\u00fclebilirlik ve sosyal adalet gibi konular bu dengeyi sa\u011flamak i\u00e7in kritik fakt\u00f6rlerdir. Dengeli bir \u00fcretim ve t\u00fcketim modeli benimsendi\u011finde, s\u00fcrd\u00fcr\u00fclebilir bir ekonomi ve daha iyi bir ya\u015fam kalitesi elde etmek m\u00fcmk\u00fcn olur. \u00dcretim ve t\u00fcketim aras\u0131ndaki dengenin sa\u011flanmas\u0131, bireylerin, toplumun ve gezegenimizin gelece\u011fi i\u00e7in \u00f6nemli bir sorumluluktur.G\u00fcnl\u00fck hayatta \u00fcretim ve t\u00fcketim aras\u0131ndaki dengeyi sa\u011flamak i\u00e7in baz\u0131 stratejiler ve uygulamalar vard\u0131r. \u0130lk olarak, s\u00fcrd\u00fcr\u00fclebilir \u00fcretim y\u00f6ntemlerinin benimsenmesi \u00f6nemlidir. Bu, kaynaklar\u0131 verimli bir \u015fekilde kullanmay\u0131, at\u0131k miktar\u0131n\u0131 azaltmay\u0131 ve \u00e7evreye zarar veren maddelerin kullan\u0131m\u0131n\u0131 en aza indirmeyi i\u00e7erir. Yenilenebilir enerji kaynaklar\u0131n\u0131n tercih edilmesi ve enerji verimlili\u011finin art\u0131r\u0131lmas\u0131 da bu \u00e7abalar\u0131n bir par\u00e7as\u0131d\u0131r.<\/p>\n<p>Ayr\u0131ca, s\u00fcrd\u00fcr\u00fclebilir t\u00fcketim al\u0131\u015fkanl\u0131klar\u0131n\u0131n geli\u015ftirilmesi gerekmektedir. Fazla t\u00fcketim ve israf al\u0131\u015fkanl\u0131klar\u0131n\u0131n yerine, bilin\u00e7li t\u00fcketim felsefesi benimsenmelidir. Bunun i\u00e7in \u00fcr\u00fcnlerin kalitesi, dayan\u0131kl\u0131l\u0131\u011f\u0131 ve geri d\u00f6n\u00fc\u015ft\u00fcr\u00fclebilirlik \u00f6zellikleri g\u00f6z \u00f6n\u00fcnde bulundurulmal\u0131d\u0131r. \u0130htiya\u00e7lar do\u011frultusunda yap\u0131lan al\u0131\u015fveri\u015fler, fazla talep yaratmadan dengeyi korumaya yard\u0131mc\u0131 olur.<\/p>\n<p><center><img decoding=\"async\" src=\"https:\/\/www.sorumatix.com\/blog\/wp-content\/uploads\/2023\/08\/uploaded-image-1693219787649.jpg\" alt=\"2\"><\/center><\/p>\n<p>Bireylerin yan\u0131 s\u0131ra i\u015fletmeler ve devletler de \u00fcretim ve t\u00fcketim aras\u0131ndaki dengeyi desteklemek i\u00e7in \u00f6nemli bir rol oynar. \u0130\u015fletmeler, s\u00fcrd\u00fcr\u00fclebilir \u00fcretim y\u00f6ntemlerine yat\u0131r\u0131m yapmal\u0131, \u00e7evresel etkileri azaltmal\u0131 ve sosyal sorumluluklar\u0131n\u0131 yerine getirmelidir. Ayn\u0131 \u015fekilde, devletler de s\u00fcrd\u00fcr\u00fclebilir politikalar geli\u015ftirmeli, te\u015fvikler sunmal\u0131 ve d\u00fczenlemeler yapmal\u0131d\u0131r.<\/p>\n<p>E\u011fitim de dengeyi sa\u011flamak i\u00e7in etkili bir ara\u00e7t\u0131r. \u0130lkokul \u00f6\u011frencilerine verilen e\u011fitimler, s\u00fcrd\u00fcr\u00fclebilirlik ve bilin\u00e7li t\u00fcketim konular\u0131nda fark\u0131ndal\u0131\u011f\u0131 art\u0131rabilir. Bu sayede gelecek nesiller, do\u011fal kaynaklar\u0131n korunmas\u0131, at\u0131k y\u00f6netimi ve s\u00fcrd\u00fcr\u00fclebilir ya\u015fam tarzlar\u0131na ili\u015fkin bilin\u00e7lenirler.<\/p>\n<p><center><img decoding=\"async\" src=\"https:\/\/www.sorumatix.com\/blog\/wp-content\/uploads\/2023\/08\/uploaded-image-1693219787873.jpg\" alt=\"3\"><\/center><\/p>\n<p>Sonu\u00e7 olarak, g\u00fcnl\u00fck hayatta \u00fcretim ve t\u00fcketim aras\u0131ndaki denge, s\u00fcrd\u00fcr\u00fclebilir bir ekonomi, \u00e7evre ve sosyal adalet i\u00e7in \u00f6nemlidir. Dengesizlikler, istihdam sorunlar\u0131, \u00e7evresel tahribatlar ve sosyal e\u015fitsizliklere yol a\u00e7abilir. Ancak, stratejik yakla\u015f\u0131mlar, bilin\u00e7li t\u00fcketim al\u0131\u015fkanl\u0131klar\u0131, i\u015fletmelerin ve devletlerin sorumluluklar\u0131 ve e\u011fitim ile bu denge sa\u011flanabilir. Her birey, kendi t\u00fcketim tercihleriyle dengeye katk\u0131da bulunabilir ve gelecek nesiller i\u00e7in s\u00fcrd\u00fcr\u00fclebilir bir d\u00fcnya yaratma yolunda ilerleyebilir.G\u00fcnl\u00fck hayatta \u00fcretim ve t\u00fcketim aras\u0131ndaki dengeyi sa\u011flaman\u0131n \u00f6nemi hakk\u0131nda daha fazla bilgi vermek gerekirse, bu denge ekonomik istikrar\u0131 destekler. A\u015f\u0131r\u0131 t\u00fcketim veya d\u00fc\u015f\u00fck \u00fcretim durumlar\u0131nda ekonomik dengesizlikler ortaya \u00e7\u0131kabilir. S\u00fcrd\u00fcr\u00fclebilir bir ekonomi i\u00e7in, \u00fcretim ve t\u00fcketim aras\u0131nda uyumlu bir ili\u015fki olmal\u0131d\u0131r. Bu, talebi kar\u015f\u0131layacak \u015fekilde yeterli miktarda mal ve hizmetin \u00fcretilmesini gerektirir. \u0130htiya\u00e7lar\u0131 kar\u015f\u0131lamak i\u00e7in yeterli \u00fcretimin olmas\u0131, fiyat istikrar\u0131n\u0131 destekler ve enflasyon gibi ekonomik sorunlar\u0131n \u00f6n\u00fcne ge\u00e7er.<\/p>\n<p>\u00dcretim ve t\u00fcketim aras\u0131ndaki denge ayn\u0131 zamanda kaynaklar\u0131n s\u00fcrd\u00fcr\u00fclebilir kullan\u0131m\u0131n\u0131 da sa\u011flar. Do\u011fal kaynaklar s\u0131n\u0131rl\u0131d\u0131r ve do\u011fru bir \u015fekilde y\u00f6netilmelidir. A\u015f\u0131r\u0131 t\u00fcketim, kaynaklar\u0131n h\u0131zla t\u00fckenmesine ve gelecek nesiller i\u00e7in s\u0131k\u0131nt\u0131lara yol a\u00e7abilir. Ancak, dengeli bir yakla\u015f\u0131m benimsendi\u011finde, kaynaklar daha verimli bir \u015fekilde kullan\u0131l\u0131r, israf azal\u0131r ve do\u011fal \u00e7evrenin korunmas\u0131 sa\u011flan\u0131r. Bu da gelecekteki nesillere daha s\u00fcrd\u00fcr\u00fclebilir bir ya\u015fam kalitesi b\u0131rakmam\u0131za yard\u0131mc\u0131 olur.<\/p>\n<p>\u00dcretim ve t\u00fcketim aras\u0131ndaki denge ayn\u0131 zamanda sosyal etkileri de \u00f6nemlidir. Dengeyi sa\u011flamak, farkl\u0131 gelir gruplar\u0131 aras\u0131nda e\u015fitlik ve sosyal adaletin sa\u011flanmas\u0131na yard\u0131mc\u0131 olur. Herkesin temel ihtiya\u00e7lar\u0131na eri\u015fimini ve ya\u015fam standartlar\u0131n\u0131 y\u00fckseltmeyi hedefler. Sosyal adaletin olmad\u0131\u011f\u0131 bir sistemde, baz\u0131 insanlar ihtiya\u00e7lar\u0131n\u0131 kar\u015f\u0131layamazken di\u011ferleri a\u015f\u0131r\u0131 t\u00fcketimle sorun ya\u015fayabilir. Dengeli bir \u00fcretim ve t\u00fcketim modeli, daha dengeli bir gelir da\u011f\u0131l\u0131m\u0131 ve toplumsal refah\u0131n artmas\u0131n\u0131 sa\u011flar.<\/p>\n<p>Bu dengeyi sa\u011flamak i\u00e7in bireyler olarak yapabilece\u011fimiz \u015feyler vard\u0131r. Bilin\u00e7li t\u00fcketici olmak, geri d\u00f6n\u00fc\u015f\u00fcm yapmak, enerji ve suyu tasarruflu kullanmak gibi al\u0131\u015fkanl\u0131klar, ki\u015fisel d\u00fczeyde dengeyi destekler. Ayr\u0131ca, yerel \u00fcretimi ve s\u00fcrd\u00fcr\u00fclebilir markalar\u0131 tercih etmek de bu dengeyi koruma \u00e7abalar\u0131na katk\u0131da bulunur. E\u011fitim kurumlar\u0131 ve sivil toplum kurulu\u015flar\u0131 da \u00fcretim ve t\u00fcketim aras\u0131ndaki dengeyi te\u015fvik eden bilin\u00e7lendirme kampanyalar\u0131 d\u00fczenleyebilir ve toplumu bu konuda bilin\u00e7lendirebilir.<\/p>\n<p>Sonu\u00e7 olarak, g\u00fcnl\u00fck hayatta \u00fcretim ve t\u00fcketim aras\u0131ndaki denge, ekonomik, \u00e7evresel ve sosyal fakt\u00f6rlerin birle\u015fimini gerektirir. Bu denge, istihdam sa\u011flar, kaynaklar\u0131 korur, ekonomik istikrar\u0131 destekler, toplumsal e\u015fitli\u011fi te\u015fvik eder ve gelecek nesiller i\u00e7in s\u00fcrd\u00fcr\u00fclebilir bir d\u00fcnya yaratma yolunda \u00f6nemli bir ad\u0131md\u0131r. Her bireyin bu dengeyi desteklemek i\u00e7in yapabilece\u011fi katk\u0131lar vard\u0131r ve k\u00fc\u00e7\u00fck ad\u0131mlar bile b\u00fcy\u00fck farklar yaratabilir.<\/p>\n<p><\/body><\/html><\/p>\n","protected":false},"excerpt":{"rendered":"<p>G\u00fcnl\u00fck Hayatta \u00dcretim ve T\u00fcketim Aras\u0131ndaki Dengenin \u00d6nemi \u00dcretim ve t\u00fcketim, modern toplumlar\u0131n temel ta\u015flar\u0131d\u0131r ve dengeli bir ili\u015fki i\u00e7inde<\/p>\n","protected":false},"author":1,"featured_media":687,"comment_status":"open","ping_status":"open","sticky":false,"template":"","format":"standard","meta":{"colormag_page_container_layout":"default_layout","colormag_page_sidebar_layout":"default_layout","footnotes":""},"categories":[14],"tags":[],"class_list":["post-691","post","type-post","status-publish","format-standard","has-post-thumbnail","hentry","category-bilgisayar-bilimleri-dersleri"],"_links":{"self":[{"href":"https:\/\/www.sorumatix.com\/blog\/wp-json\/wp\/v2\/posts\/691","targetHints":{"allow":["GET"]}}],"collection":[{"href":"https:\/\/www.sorumatix.com\/blog\/wp-json\/wp\/v2\/posts"}],"about":[{"href":"https:\/\/www.sorumatix.com\/blog\/wp-json\/wp\/v2\/types\/post"}],"author":[{"embeddable":true,"href":"https:\/\/www.sorumatix.com\/blog\/wp-json\/wp\/v2\/users\/1"}],"replies":[{"embeddable":true,"href":"https:\/\/www.sorumatix.com\/blog\/wp-json\/wp\/v2\/comments?post=691"}],"version-history":[{"count":0,"href":"https:\/\/www.sorumatix.com\/blog\/wp-json\/wp\/v2\/posts\/691\/revisions"}],"wp:featuredmedia":[{"embeddable":true,"href":"https:\/\/www.sorumatix.com\/blog\/wp-json\/wp\/v2\/media\/687"}],"wp:attachment":[{"href":"https:\/\/www.sorumatix.com\/blog\/wp-json\/wp\/v2\/media?parent=691"}],"wp:term":[{"taxonomy":"category","embeddable":true,"href":"https:\/\/www.sorumatix.com\/blog\/wp-json\/wp\/v2\/categories?post=691"},{"taxonomy":"post_tag","embeddable":true,"href":"https:\/\/www.sorumatix.com\/blog\/wp-json\/wp\/v2\/tags?post=691"}],"curies":[{"name":"wp","href":"https:\/\/api.w.org\/{rel}","templated":true}]}}